{"id":2562,"date":"2026-08-31T04:58:11","date_gmt":"2026-08-31T01:58:11","guid":{"rendered":"https:\/\/gundemzirvesi.com\/index.php\/israilli-bakan-bengvir-filistinli-kadin-tutuklularla-alay-ettigi-goruntuleri-paylasti\/"},"modified":"2026-08-31T04:58:11","modified_gmt":"2026-08-31T01:58:11","slug":"israilli-bakan-bengvir-filistinli-kadin-tutuklularla-alay-ettigi-goruntuleri-paylasti","status":"publish","type":"post","link":"https:\/\/gundemzirvesi.com\/index.php\/israilli-bakan-bengvir-filistinli-kadin-tutuklularla-alay-ettigi-goruntuleri-paylasti\/","title":{"rendered":"\u0130srailli Bakan BenGvir, Filistinli kad\u0131n tutuklularla alay etti\u011fi g\u00f6r\u00fcnt\u00fcleri payla\u015ft\u0131"},"content":{"rendered":"<p>\u0130srail&#039;in a\u015f\u0131r\u0131 sa\u011fc\u0131 Ulusal G\u00fcvenlik Bakan\u0131 Itamar Ben-Gvir, Filistinli kad\u0131n tutuklular\u0131n kald\u0131\u011f\u0131 h\u00fccreyi basarak, &quot;Bu durumda olman\u0131z\u0131n sorumlusu benim ve bundan memnunum.&quot; s\u00f6zleriyle kad\u0131nlarla alay etti.<\/p>\n<p><strong>Kaynak:<\/strong> TRT Haber \u2014 <a href=\"https:\/\/www.trthaber.com\/haber\/dunya\/israilli-bakan-ben-gvir-filistinli-kadin-tutuklularla-alay-ettigi-goruntuleri-paylasti-955375.html\" target=\"_blank\" rel=\"nofollow noopener\">Haberin devam\u0131n\u0131 \u00f6zg\u00fcn kayna\u011f\u0131nda oku<\/a><\/p>\n","protected":false},"excerpt":{"rendered":"<p>\u0130srail&#8217;in a\u015f\u0131r\u0131 sa\u011fc\u0131 Ulusal G\u00fcvenlik Bakan\u0131 Itamar Ben-Gvir, Filistinli kad\u0131n tutuklular\u0131n kald\u0131\u011f\u0131 h\u00fccreyi basarak, &#8220;Bu durumda olman\u0131z\u0131n sorumlusu benim ve bundan memnunum.&#8221; s\u00f6zleriyle kad\u0131nlarla alay etti.<\/p>\n","protected":false},"author":1,"featured_media":2563,"comment_status":"closed","ping_status":"closed","sticky":false,"template":"","format":"standard","meta":{"footnotes":""},"categories":[6,16,42,50,24],"tags":[],"class_list":["post-2562","post","type-post","status-publish","format-standard","has-post-thumbnail","hentry","category-dunya","category-guvenlik","category-halk-sagligi","category-kadin-aile","category-orta-dogu"],"blocksy_meta":{"styles_descriptor":{"styles":{"desktop":"","tablet":"","mobile":""},"google_fonts":[],"version":7}},"_links":{"self":[{"href":"https:\/\/gundemzirvesi.com\/index.php\/wp-json\/wp\/v2\/posts\/2562","targetHints":{"allow":["GET"]}}],"collection":[{"href":"https:\/\/gundemzirvesi.com\/index.php\/wp-json\/wp\/v2\/posts"}],"about":[{"href":"https:\/\/gundemzirvesi.com\/index.php\/wp-json\/wp\/v2\/types\/post"}],"author":[{"embeddable":true,"href":"https:\/\/gundemzirvesi.com\/index.php\/wp-json\/wp\/v2\/users\/1"}],"replies":[{"embeddable":true,"href":"https:\/\/gundemzirvesi.com\/index.php\/wp-json\/wp\/v2\/comments?post=2562"}],"version-history":[{"count":0,"href":"https:\/\/gundemzirvesi.com\/index.php\/wp-json\/wp\/v2\/posts\/2562\/revisions"}],"wp:featuredmedia":[{"embeddable":true,"href":"https:\/\/gundemzirvesi.com\/index.php\/wp-json\/wp\/v2\/media\/2563"}],"wp:attachment":[{"href":"https:\/\/gundemzirvesi.com\/index.php\/wp-json\/wp\/v2\/media?parent=2562"}],"wp:term":[{"taxonomy":"category","embeddable":true,"href":"https:\/\/gundemzirvesi.com\/index.php\/wp-json\/wp\/v2\/categories?post=2562"},{"taxonomy":"post_tag","embeddable":true,"href":"https:\/\/gundemzirvesi.com\/index.php\/wp-json\/wp\/v2\/tags?post=2562"}],"curies":[{"name":"wp","href":"https:\/\/api.w.org\/{rel}","templated":true}]}}