{"id":2598,"date":"2026-08-31T14:04:23","date_gmt":"2026-08-31T11:04:23","guid":{"rendered":"https:\/\/gundemzirvesi.com\/index.php\/orman-yanginlariyla-ilgili-15-tutuklama\/"},"modified":"2026-08-31T14:04:23","modified_gmt":"2026-08-31T11:04:23","slug":"orman-yanginlariyla-ilgili-15-tutuklama","status":"publish","type":"post","link":"https:\/\/gundemzirvesi.com\/index.php\/orman-yanginlariyla-ilgili-15-tutuklama\/","title":{"rendered":"Orman yang\u0131nlar\u0131yla ilgili 15 tutuklama"},"content":{"rendered":"<p>Adalet Bakan\u0131 Ak\u0131n G\u00fcrlek, 1 Haziran 2026 tarihinden itibaren meydana gelen 97 orman yang\u0131n\u0131yla ilgili adli soru\u015fturmalar\u0131n s\u00fcrd\u00fc\u011f\u00fcn\u00fc belirterek, &quot;69 \u015f\u00fcpheli tespit edilmi\u015f; 15 \u015f\u00fcpheli tutuklanm\u0131\u015f, 30 \u015f\u00fcpheli hakk\u0131nda adli kontrol tedbiri uygulanm\u0131\u015ft\u0131r&quot; dedi.<\/p>\n<p><strong>Kaynak:<\/strong> TRT Haber \u2014 <a href=\"https:\/\/www.trthaber.com\/haber\/gundem\/orman-yanginlariyla-ilgili-15-tutuklama-955451.html\" target=\"_blank\" rel=\"nofollow noopener\">Haberin devam\u0131n\u0131 \u00f6zg\u00fcn kayna\u011f\u0131nda oku<\/a><\/p>\n","protected":false},"excerpt":{"rendered":"<p>Adalet Bakan\u0131 Ak\u0131n G\u00fcrlek, 1 Haziran 2026 tarihinden itibaren meydana gelen 97 orman yang\u0131n\u0131yla ilgili adli soru\u015fturmalar\u0131n s\u00fcrd\u00fc\u011f\u00fcn\u00fc belirterek, &#8220;69 \u015f\u00fcpheli tespit edilmi\u015f; 15 \u015f\u00fcpheli tutuklanm\u0131\u015f, 30 \u015f\u00fcpheli hakk\u0131nda adli kontrol tedbiri\u2026<\/p>\n","protected":false},"author":1,"featured_media":2599,"comment_status":"closed","ping_status":"closed","sticky":false,"template":"","format":"standard","meta":{"footnotes":""},"categories":[48,4,24],"tags":[],"class_list":["post-2598","post","type-post","status-publish","format-standard","has-post-thumbnail","hentry","category-cevre","category-gundem","category-orta-dogu"],"blocksy_meta":{"styles_descriptor":{"styles":{"desktop":"","tablet":"","mobile":""},"google_fonts":[],"version":7}},"_links":{"self":[{"href":"https:\/\/gundemzirvesi.com\/index.php\/wp-json\/wp\/v2\/posts\/2598","targetHints":{"allow":["GET"]}}],"collection":[{"href":"https:\/\/gundemzirvesi.com\/index.php\/wp-json\/wp\/v2\/posts"}],"about":[{"href":"https:\/\/gundemzirvesi.com\/index.php\/wp-json\/wp\/v2\/types\/post"}],"author":[{"embeddable":true,"href":"https:\/\/gundemzirvesi.com\/index.php\/wp-json\/wp\/v2\/users\/1"}],"replies":[{"embeddable":true,"href":"https:\/\/gundemzirvesi.com\/index.php\/wp-json\/wp\/v2\/comments?post=2598"}],"version-history":[{"count":0,"href":"https:\/\/gundemzirvesi.com\/index.php\/wp-json\/wp\/v2\/posts\/2598\/revisions"}],"wp:featuredmedia":[{"embeddable":true,"href":"https:\/\/gundemzirvesi.com\/index.php\/wp-json\/wp\/v2\/media\/2599"}],"wp:attachment":[{"href":"https:\/\/gundemzirvesi.com\/index.php\/wp-json\/wp\/v2\/media?parent=2598"}],"wp:term":[{"taxonomy":"category","embeddable":true,"href":"https:\/\/gundemzirvesi.com\/index.php\/wp-json\/wp\/v2\/categories?post=2598"},{"taxonomy":"post_tag","embeddable":true,"href":"https:\/\/gundemzirvesi.com\/index.php\/wp-json\/wp\/v2\/tags?post=2598"}],"curies":[{"name":"wp","href":"https:\/\/api.w.org\/{rel}","templated":true}]}}