{"id":2616,"date":"2026-08-31T15:54:52","date_gmt":"2026-08-31T12:54:52","guid":{"rendered":"https:\/\/gundemzirvesi.com\/index.php\/girnedeki-feribot-kazasiyla-ilgili-14-kisi-tutuklandi\/"},"modified":"2026-08-31T15:54:52","modified_gmt":"2026-08-31T12:54:52","slug":"girnedeki-feribot-kazasiyla-ilgili-14-kisi-tutuklandi","status":"publish","type":"post","link":"https:\/\/gundemzirvesi.com\/index.php\/girnedeki-feribot-kazasiyla-ilgili-14-kisi-tutuklandi\/","title":{"rendered":"Girne&#039;deki feribot kazas\u0131yla ilgili 14 ki\u015fi tutukland\u0131"},"content":{"rendered":"<p>Girne a\u00e7\u0131klar\u0131nda alabora olan ve 267 ki\u015fiyi ta\u015f\u0131yan feribottaki 241 ki\u015fi kurtar\u0131ld\u0131, 8 ki\u015fi hayat\u0131n\u0131 kaybetti. 18 ki\u015fi i\u00e7in arama kurtarma \u00e7al\u0131\u015fmalar\u0131 s\u00fcr\u00fcyor. Arama \u00e7al\u0131\u015fmalar\u0131 T\u00fcrkiye&#039;den giden 2 \u0130HA ve bir casa tipi u\u00e7akla s\u00fcrd\u00fcr\u00fcl\u00fcyor. Kazayla ilgili 14 ki\u015fi tutukland\u0131.<\/p>\n<p><strong>Kaynak:<\/strong> TRT Haber \u2014 <a href=\"https:\/\/www.trthaber.com\/haber\/gundem\/girnedeki-feribot-kazasiyla-ilgili-14-kisi-tutuklandi-955429.html\" target=\"_blank\" rel=\"nofollow noopener\">Haberin devam\u0131n\u0131 \u00f6zg\u00fcn kayna\u011f\u0131nda oku<\/a><\/p>\n","protected":false},"excerpt":{"rendered":"<p>Girne a\u00e7\u0131klar\u0131nda alabora olan ve 267 ki\u015fiyi ta\u015f\u0131yan feribottaki 241 ki\u015fi kurtar\u0131ld\u0131, 8 ki\u015fi hayat\u0131n\u0131 kaybetti. 18 ki\u015fi i\u00e7in arama kurtarma \u00e7al\u0131\u015fmalar\u0131 s\u00fcr\u00fcyor. Arama \u00e7al\u0131\u015fmalar\u0131 T\u00fcrkiye&#8217;den giden 2 \u0130HA ve bir casa\u2026<\/p>\n","protected":false},"author":1,"featured_media":2617,"comment_status":"closed","ping_status":"closed","sticky":false,"template":"","format":"standard","meta":{"footnotes":""},"categories":[26,4,42,27],"tags":[],"class_list":["post-2616","post","type-post","status-publish","format-standard","has-post-thumbnail","hentry","category-asya-pasifik","category-gundem","category-halk-sagligi","category-piyasalar"],"blocksy_meta":{"styles_descriptor":{"styles":{"desktop":"","tablet":"","mobile":""},"google_fonts":[],"version":7}},"_links":{"self":[{"href":"https:\/\/gundemzirvesi.com\/index.php\/wp-json\/wp\/v2\/posts\/2616","targetHints":{"allow":["GET"]}}],"collection":[{"href":"https:\/\/gundemzirvesi.com\/index.php\/wp-json\/wp\/v2\/posts"}],"about":[{"href":"https:\/\/gundemzirvesi.com\/index.php\/wp-json\/wp\/v2\/types\/post"}],"author":[{"embeddable":true,"href":"https:\/\/gundemzirvesi.com\/index.php\/wp-json\/wp\/v2\/users\/1"}],"replies":[{"embeddable":true,"href":"https:\/\/gundemzirvesi.com\/index.php\/wp-json\/wp\/v2\/comments?post=2616"}],"version-history":[{"count":0,"href":"https:\/\/gundemzirvesi.com\/index.php\/wp-json\/wp\/v2\/posts\/2616\/revisions"}],"wp:featuredmedia":[{"embeddable":true,"href":"https:\/\/gundemzirvesi.com\/index.php\/wp-json\/wp\/v2\/media\/2617"}],"wp:attachment":[{"href":"https:\/\/gundemzirvesi.com\/index.php\/wp-json\/wp\/v2\/media?parent=2616"}],"wp:term":[{"taxonomy":"category","embeddable":true,"href":"https:\/\/gundemzirvesi.com\/index.php\/wp-json\/wp\/v2\/categories?post=2616"},{"taxonomy":"post_tag","embeddable":true,"href":"https:\/\/gundemzirvesi.com\/index.php\/wp-json\/wp\/v2\/tags?post=2616"}],"curies":[{"name":"wp","href":"https:\/\/api.w.org\/{rel}","templated":true}]}}