{"id":2716,"date":"2026-09-01T07:55:47","date_gmt":"2026-09-01T04:55:47","guid":{"rendered":"https:\/\/gundemzirvesi.com\/index.php\/fransiz-milletvekili-israilin-soykirim-niyeti-karsisinda-hukumetin-sessizligini-elestirdi\/"},"modified":"2026-09-01T07:55:47","modified_gmt":"2026-09-01T04:55:47","slug":"fransiz-milletvekili-israilin-soykirim-niyeti-karsisinda-hukumetin-sessizligini-elestirdi","status":"publish","type":"post","link":"https:\/\/gundemzirvesi.com\/index.php\/fransiz-milletvekili-israilin-soykirim-niyeti-karsisinda-hukumetin-sessizligini-elestirdi\/","title":{"rendered":"Frans\u0131z milletvekili \u0130srail&#039;in soyk\u0131r\u0131m niyeti kar\u015f\u0131s\u0131nda h\u00fck\u00fcmetin sessizli\u011fini ele\u015ftirdi"},"content":{"rendered":"<p>Fransa&#039;da milletvekili Mathilde Panot, \u0130srail&#039;in a\u015f\u0131r\u0131 sa\u011fc\u0131 Ulusal G\u00fcvenlik Bakan\u0131 Itamar Ben-Gvir&#039;in soyk\u0131r\u0131m niyetini ortaya koydu\u011fu sosyal medya payla\u015f\u0131m\u0131n\u0131 al\u0131nt\u0131layarak Frans\u0131z h\u00fck\u00fcmetinin bu durum kar\u015f\u0131s\u0131ndaki sessizli\u011fine tepki g\u00f6sterdi.<\/p>\n<p><strong>Kaynak:<\/strong> TRT Haber \u2014 <a href=\"https:\/\/www.trthaber.com\/haber\/dunya\/fransiz-milletvekili-israilin-soykirim-niyeti-karsisinda-hukumetin-sessizligini-elestirdi-955478.html\" target=\"_blank\" rel=\"nofollow noopener\">Haberin devam\u0131n\u0131 \u00f6zg\u00fcn kayna\u011f\u0131nda oku<\/a><\/p>\n","protected":false},"excerpt":{"rendered":"<p>Fransa&#8217;da milletvekili Mathilde Panot, \u0130srail&#8217;in a\u015f\u0131r\u0131 sa\u011fc\u0131 Ulusal G\u00fcvenlik Bakan\u0131 Itamar Ben-Gvir&#8217;in soyk\u0131r\u0131m niyetini ortaya koydu\u011fu sosyal medya payla\u015f\u0131m\u0131n\u0131 al\u0131nt\u0131layarak Frans\u0131z h\u00fck\u00fcmetinin bu durum kar\u015f\u0131s\u0131ndaki sessizli\u011fine tepki g\u00f6sterdi.<\/p>\n","protected":false},"author":1,"featured_media":2717,"comment_status":"closed","ping_status":"closed","sticky":false,"template":"","format":"standard","meta":{"footnotes":""},"categories":[23,39,6,16,42,14],"tags":[],"class_list":["post-2716","post","type-post","status-publish","format-standard","has-post-thumbnail","hentry","category-avrupa","category-dijital-dunya","category-dunya","category-guvenlik","category-halk-sagligi","category-siyaset"],"blocksy_meta":{"styles_descriptor":{"styles":{"desktop":"","tablet":"","mobile":""},"google_fonts":[],"version":7}},"_links":{"self":[{"href":"https:\/\/gundemzirvesi.com\/index.php\/wp-json\/wp\/v2\/posts\/2716","targetHints":{"allow":["GET"]}}],"collection":[{"href":"https:\/\/gundemzirvesi.com\/index.php\/wp-json\/wp\/v2\/posts"}],"about":[{"href":"https:\/\/gundemzirvesi.com\/index.php\/wp-json\/wp\/v2\/types\/post"}],"author":[{"embeddable":true,"href":"https:\/\/gundemzirvesi.com\/index.php\/wp-json\/wp\/v2\/users\/1"}],"replies":[{"embeddable":true,"href":"https:\/\/gundemzirvesi.com\/index.php\/wp-json\/wp\/v2\/comments?post=2716"}],"version-history":[{"count":0,"href":"https:\/\/gundemzirvesi.com\/index.php\/wp-json\/wp\/v2\/posts\/2716\/revisions"}],"wp:featuredmedia":[{"embeddable":true,"href":"https:\/\/gundemzirvesi.com\/index.php\/wp-json\/wp\/v2\/media\/2717"}],"wp:attachment":[{"href":"https:\/\/gundemzirvesi.com\/index.php\/wp-json\/wp\/v2\/media?parent=2716"}],"wp:term":[{"taxonomy":"category","embeddable":true,"href":"https:\/\/gundemzirvesi.com\/index.php\/wp-json\/wp\/v2\/categories?post=2716"},{"taxonomy":"post_tag","embeddable":true,"href":"https:\/\/gundemzirvesi.com\/index.php\/wp-json\/wp\/v2\/tags?post=2716"}],"curies":[{"name":"wp","href":"https:\/\/api.w.org\/{rel}","templated":true}]}}