{"id":2804,"date":"2026-09-02T02:57:29","date_gmt":"2026-09-01T23:57:29","guid":{"rendered":"https:\/\/gundemzirvesi.com\/index.php\/veri-merkezlerinin-elektrik-tuketimi-5-yilda-yaklasik-4-katina-cikti\/"},"modified":"2026-09-02T02:57:29","modified_gmt":"2026-09-01T23:57:29","slug":"veri-merkezlerinin-elektrik-tuketimi-5-yilda-yaklasik-4-katina-cikti","status":"publish","type":"post","link":"https:\/\/gundemzirvesi.com\/index.php\/veri-merkezlerinin-elektrik-tuketimi-5-yilda-yaklasik-4-katina-cikti\/","title":{"rendered":"Veri merkezlerinin elektrik t\u00fcketimi 5 y\u0131lda yakla\u015f\u0131k 4 kat\u0131na \u00e7\u0131kt\u0131"},"content":{"rendered":"<p>K\u00fcresel veri merkezlerinin elektrik t\u00fcketimi 5 y\u0131lda yakla\u015f\u0131k 4 kat\u0131na \u00e7\u0131karak ge\u00e7en y\u0131l 557 teravatsaate y\u00fckseldi.<\/p>\n<p><strong>Kaynak:<\/strong> TRT Haber \u2014 <a href=\"https:\/\/www.trthaber.com\/haber\/ekonomi\/veri-merkezlerinin-elektrik-tuketimi-5-yilda-yaklasik-4-katina-cikti-955583.html\" target=\"_blank\" rel=\"nofollow noopener\">Haberin devam\u0131n\u0131 \u00f6zg\u00fcn kayna\u011f\u0131nda oku<\/a><\/p>\n","protected":false},"excerpt":{"rendered":"<p>K\u00fcresel veri merkezlerinin elektrik t\u00fcketimi 5 y\u0131lda yakla\u015f\u0131k 4 kat\u0131na \u00e7\u0131karak ge\u00e7en y\u0131l 557 teravatsaate y\u00fckseldi.<\/p>\n","protected":false},"author":1,"featured_media":2805,"comment_status":"closed","ping_status":"closed","sticky":false,"template":"","format":"standard","meta":{"footnotes":""},"categories":[48,7,29,42],"tags":[],"class_list":["post-2804","post","type-post","status-publish","format-standard","has-post-thumbnail","hentry","category-cevre","category-ekonomi","category-enerji","category-halk-sagligi"],"blocksy_meta":{"styles_descriptor":{"styles":{"desktop":"","tablet":"","mobile":""},"google_fonts":[],"version":7}},"_links":{"self":[{"href":"https:\/\/gundemzirvesi.com\/index.php\/wp-json\/wp\/v2\/posts\/2804","targetHints":{"allow":["GET"]}}],"collection":[{"href":"https:\/\/gundemzirvesi.com\/index.php\/wp-json\/wp\/v2\/posts"}],"about":[{"href":"https:\/\/gundemzirvesi.com\/index.php\/wp-json\/wp\/v2\/types\/post"}],"author":[{"embeddable":true,"href":"https:\/\/gundemzirvesi.com\/index.php\/wp-json\/wp\/v2\/users\/1"}],"replies":[{"embeddable":true,"href":"https:\/\/gundemzirvesi.com\/index.php\/wp-json\/wp\/v2\/comments?post=2804"}],"version-history":[{"count":0,"href":"https:\/\/gundemzirvesi.com\/index.php\/wp-json\/wp\/v2\/posts\/2804\/revisions"}],"wp:featuredmedia":[{"embeddable":true,"href":"https:\/\/gundemzirvesi.com\/index.php\/wp-json\/wp\/v2\/media\/2805"}],"wp:attachment":[{"href":"https:\/\/gundemzirvesi.com\/index.php\/wp-json\/wp\/v2\/media?parent=2804"}],"wp:term":[{"taxonomy":"category","embeddable":true,"href":"https:\/\/gundemzirvesi.com\/index.php\/wp-json\/wp\/v2\/categories?post=2804"},{"taxonomy":"post_tag","embeddable":true,"href":"https:\/\/gundemzirvesi.com\/index.php\/wp-json\/wp\/v2\/tags?post=2804"}],"curies":[{"name":"wp","href":"https:\/\/api.w.org\/{rel}","templated":true}]}}