{"id":2812,"date":"2026-09-02T02:57:42","date_gmt":"2026-09-01T23:57:42","guid":{"rendered":"https:\/\/gundemzirvesi.com\/index.php\/cumhurbaskani-erdogandan-ismet-zeynep-ciftci-icin-bassagligi-mesaji\/"},"modified":"2026-09-02T02:57:42","modified_gmt":"2026-09-01T23:57:42","slug":"cumhurbaskani-erdogandan-ismet-zeynep-ciftci-icin-bassagligi-mesaji","status":"publish","type":"post","link":"https:\/\/gundemzirvesi.com\/index.php\/cumhurbaskani-erdogandan-ismet-zeynep-ciftci-icin-bassagligi-mesaji\/","title":{"rendered":"Cumhurba\u015fkan\u0131 Erdo\u011fan&#039;dan \u0130smet Zeynep \u00c7ift\u00e7i i\u00e7in ba\u015fsa\u011fl\u0131\u011f\u0131 mesaj\u0131"},"content":{"rendered":"<p>Cumhurba\u015fkan\u0131 Erdo\u011fan, &quot;AK Parti Kad\u0131n Kollar\u0131 MKYK \u00dcyemiz, k\u0131ymetli yol ve dava arkada\u015f\u0131m \u0130smet Zeynep \u00c7ift\u00e7i\u2019ye Allah\u2019tan rahmet niyaz ediyor; ailesine, yak\u0131nlar\u0131na ve AK Parti te\u015fkilat\u0131m\u0131za ba\u015fsa\u011fl\u0131\u011f\u0131 diliyorum.&quot; dedi.<\/p>\n<p><strong>Kaynak:<\/strong> TRT Haber \u2014 <a href=\"https:\/\/www.trthaber.com\/haber\/gundem\/cumhurbaskani-erdogandan-ismet-zeynep-ciftci-icin-bassagligi-mesaji-955607.html\" target=\"_blank\" rel=\"nofollow noopener\">Haberin devam\u0131n\u0131 \u00f6zg\u00fcn kayna\u011f\u0131nda oku<\/a><\/p>\n","protected":false},"excerpt":{"rendered":"<p>Cumhurba\u015fkan\u0131 Erdo\u011fan, &#8220;AK Parti Kad\u0131n Kollar\u0131 MKYK \u00dcyemiz, k\u0131ymetli yol ve dava arkada\u015f\u0131m \u0130smet Zeynep \u00c7ift\u00e7i\u2019ye Allah\u2019tan rahmet niyaz ediyor; ailesine, yak\u0131nlar\u0131na ve AK Parti te\u015fkilat\u0131m\u0131za ba\u015fsa\u011fl\u0131\u011f\u0131 diliyorum.&#8221; dedi.<\/p>\n","protected":false},"author":1,"featured_media":2813,"comment_status":"closed","ping_status":"closed","sticky":false,"template":"","format":"standard","meta":{"footnotes":""},"categories":[26,4,42,50,14],"tags":[],"class_list":["post-2812","post","type-post","status-publish","format-standard","has-post-thumbnail","hentry","category-asya-pasifik","category-gundem","category-halk-sagligi","category-kadin-aile","category-siyaset"],"blocksy_meta":{"styles_descriptor":{"styles":{"desktop":"","tablet":"","mobile":""},"google_fonts":[],"version":7}},"_links":{"self":[{"href":"https:\/\/gundemzirvesi.com\/index.php\/wp-json\/wp\/v2\/posts\/2812","targetHints":{"allow":["GET"]}}],"collection":[{"href":"https:\/\/gundemzirvesi.com\/index.php\/wp-json\/wp\/v2\/posts"}],"about":[{"href":"https:\/\/gundemzirvesi.com\/index.php\/wp-json\/wp\/v2\/types\/post"}],"author":[{"embeddable":true,"href":"https:\/\/gundemzirvesi.com\/index.php\/wp-json\/wp\/v2\/users\/1"}],"replies":[{"embeddable":true,"href":"https:\/\/gundemzirvesi.com\/index.php\/wp-json\/wp\/v2\/comments?post=2812"}],"version-history":[{"count":0,"href":"https:\/\/gundemzirvesi.com\/index.php\/wp-json\/wp\/v2\/posts\/2812\/revisions"}],"wp:featuredmedia":[{"embeddable":true,"href":"https:\/\/gundemzirvesi.com\/index.php\/wp-json\/wp\/v2\/media\/2813"}],"wp:attachment":[{"href":"https:\/\/gundemzirvesi.com\/index.php\/wp-json\/wp\/v2\/media?parent=2812"}],"wp:term":[{"taxonomy":"category","embeddable":true,"href":"https:\/\/gundemzirvesi.com\/index.php\/wp-json\/wp\/v2\/categories?post=2812"},{"taxonomy":"post_tag","embeddable":true,"href":"https:\/\/gundemzirvesi.com\/index.php\/wp-json\/wp\/v2\/tags?post=2812"}],"curies":[{"name":"wp","href":"https:\/\/api.w.org\/{rel}","templated":true}]}}