{"id":2854,"date":"2026-09-02T07:56:03","date_gmt":"2026-09-02T04:56:03","guid":{"rendered":"https:\/\/gundemzirvesi.com\/index.php\/abd-iranda-bir-dugun-evini-hedef-aldi-en-az-4-olu\/"},"modified":"2026-09-02T07:56:03","modified_gmt":"2026-09-02T04:56:03","slug":"abd-iranda-bir-dugun-evini-hedef-aldi-en-az-4-olu","status":"publish","type":"post","link":"https:\/\/gundemzirvesi.com\/index.php\/abd-iranda-bir-dugun-evini-hedef-aldi-en-az-4-olu\/","title":{"rendered":"ABD \u0130ran&#039;da bir d\u00fc\u011f\u00fcn evini hedef ald\u0131: En az 4 \u00f6l\u00fc"},"content":{"rendered":"<p>H\u00fcrm\u00fczgan Vali Yard\u0131mc\u0131s\u0131 Ahmed Nefisi, ABD&#039;nin Sirik il\u00e7esine ba\u011fl\u0131 Kuhe\u015ftek kentinde d\u00fc\u011f\u00fcn t\u00f6reni d\u00fczenlenen bir konutu vurmas\u0131 sonucu hayat\u0131n\u0131 kaybedenlerin say\u0131s\u0131n\u0131n 4&#039;e y\u00fckseldi\u011fini s\u00f6yledi.<\/p>\n<p><strong>Kaynak:<\/strong> TRT Haber \u2014 <a href=\"https:\/\/www.trthaber.com\/haber\/dunya\/abd-iranda-bir-dugun-evini-hedef-aldi-en-az-4-olu-955609.html\" target=\"_blank\" rel=\"nofollow noopener\">Haberin devam\u0131n\u0131 \u00f6zg\u00fcn kayna\u011f\u0131nda oku<\/a><\/p>\n","protected":false},"excerpt":{"rendered":"<p>H\u00fcrm\u00fczgan Vali Yard\u0131mc\u0131s\u0131 Ahmed Nefisi, ABD&#8217;nin Sirik il\u00e7esine ba\u011fl\u0131 Kuhe\u015ftek kentinde d\u00fc\u011f\u00fcn t\u00f6reni d\u00fczenlenen bir konutu vurmas\u0131 sonucu hayat\u0131n\u0131 kaybedenlerin say\u0131s\u0131n\u0131n 4&#8217;e y\u00fckseldi\u011fini s\u00f6yledi.<\/p>\n","protected":false},"author":1,"featured_media":2855,"comment_status":"closed","ping_status":"closed","sticky":false,"template":"","format":"standard","meta":{"footnotes":""},"categories":[25,48,6,31],"tags":[],"class_list":["post-2854","post","type-post","status-publish","format-standard","has-post-thumbnail","hentry","category-amerika","category-cevre","category-dunya","category-otomotiv-emlak"],"blocksy_meta":{"styles_descriptor":{"styles":{"desktop":"","tablet":"","mobile":""},"google_fonts":[],"version":7}},"_links":{"self":[{"href":"https:\/\/gundemzirvesi.com\/index.php\/wp-json\/wp\/v2\/posts\/2854","targetHints":{"allow":["GET"]}}],"collection":[{"href":"https:\/\/gundemzirvesi.com\/index.php\/wp-json\/wp\/v2\/posts"}],"about":[{"href":"https:\/\/gundemzirvesi.com\/index.php\/wp-json\/wp\/v2\/types\/post"}],"author":[{"embeddable":true,"href":"https:\/\/gundemzirvesi.com\/index.php\/wp-json\/wp\/v2\/users\/1"}],"replies":[{"embeddable":true,"href":"https:\/\/gundemzirvesi.com\/index.php\/wp-json\/wp\/v2\/comments?post=2854"}],"version-history":[{"count":0,"href":"https:\/\/gundemzirvesi.com\/index.php\/wp-json\/wp\/v2\/posts\/2854\/revisions"}],"wp:featuredmedia":[{"embeddable":true,"href":"https:\/\/gundemzirvesi.com\/index.php\/wp-json\/wp\/v2\/media\/2855"}],"wp:attachment":[{"href":"https:\/\/gundemzirvesi.com\/index.php\/wp-json\/wp\/v2\/media?parent=2854"}],"wp:term":[{"taxonomy":"category","embeddable":true,"href":"https:\/\/gundemzirvesi.com\/index.php\/wp-json\/wp\/v2\/categories?post=2854"},{"taxonomy":"post_tag","embeddable":true,"href":"https:\/\/gundemzirvesi.com\/index.php\/wp-json\/wp\/v2\/tags?post=2854"}],"curies":[{"name":"wp","href":"https:\/\/api.w.org\/{rel}","templated":true}]}}