{"id":2916,"date":"2026-09-02T18:56:35","date_gmt":"2026-09-02T15:56:35","guid":{"rendered":"https:\/\/gundemzirvesi.com\/index.php\/mebden-ogrencilerin-okula-uyumu-icin-aile-destekli-program\/"},"modified":"2026-09-02T18:56:35","modified_gmt":"2026-09-02T15:56:35","slug":"mebden-ogrencilerin-okula-uyumu-icin-aile-destekli-program","status":"publish","type":"post","link":"https:\/\/gundemzirvesi.com\/index.php\/mebden-ogrencilerin-okula-uyumu-icin-aile-destekli-program\/","title":{"rendered":"MEB&#039;den \u00f6\u011frencilerin okula uyumu i\u00e7in aile destekli program"},"content":{"rendered":"<p>Milli E\u011fitim Bakanl\u0131\u011f\u0131nca (MEB), okul \u00f6ncesi, ilkokul 1&#039;inci ve ortaokul 5&#039;inci s\u0131n\u0131f \u00f6\u011frencilerinin okula uyum s\u00fcre\u00e7lerini desteklemek ve ailelerin e\u011fitim s\u00fcrecine etkin kat\u0131l\u0131m\u0131n\u0131 sa\u011flamak amac\u0131yla &quot;Ailemle Okul Yolu Program\u0131&quot; haz\u0131rland\u0131.<\/p>\n<p><strong>Kaynak:<\/strong> TRT Haber \u2014 <a href=\"https:\/\/www.trthaber.com\/haber\/turkiye\/mebden-ogrencilerin-okula-uyumu-icin-aile-destekli-program-955658.html\" target=\"_blank\" rel=\"nofollow noopener\">Haberin devam\u0131n\u0131 \u00f6zg\u00fcn kayna\u011f\u0131nda oku<\/a><\/p>\n","protected":false},"excerpt":{"rendered":"<p>Milli E\u011fitim Bakanl\u0131\u011f\u0131nca (MEB), okul \u00f6ncesi, ilkokul 1&#8217;inci ve ortaokul 5&#8217;inci s\u0131n\u0131f \u00f6\u011frencilerinin okula uyum s\u00fcre\u00e7lerini desteklemek ve ailelerin e\u011fitim s\u00fcrecine etkin kat\u0131l\u0131m\u0131n\u0131 sa\u011flamak amac\u0131yla &#8220;Ailemle Okul Yolu Program\u0131&#8221; haz\u0131rland\u0131.<\/p>\n","protected":false},"author":1,"featured_media":2917,"comment_status":"closed","ping_status":"closed","sticky":false,"template":"","format":"standard","meta":{"footnotes":""},"categories":[26,47,50,5],"tags":[],"class_list":["post-2916","post","type-post","status-publish","format-standard","has-post-thumbnail","hentry","category-asya-pasifik","category-egitim","category-kadin-aile","category-turkiye"],"blocksy_meta":{"styles_descriptor":{"styles":{"desktop":"","tablet":"","mobile":""},"google_fonts":[],"version":7}},"_links":{"self":[{"href":"https:\/\/gundemzirvesi.com\/index.php\/wp-json\/wp\/v2\/posts\/2916","targetHints":{"allow":["GET"]}}],"collection":[{"href":"https:\/\/gundemzirvesi.com\/index.php\/wp-json\/wp\/v2\/posts"}],"about":[{"href":"https:\/\/gundemzirvesi.com\/index.php\/wp-json\/wp\/v2\/types\/post"}],"author":[{"embeddable":true,"href":"https:\/\/gundemzirvesi.com\/index.php\/wp-json\/wp\/v2\/users\/1"}],"replies":[{"embeddable":true,"href":"https:\/\/gundemzirvesi.com\/index.php\/wp-json\/wp\/v2\/comments?post=2916"}],"version-history":[{"count":0,"href":"https:\/\/gundemzirvesi.com\/index.php\/wp-json\/wp\/v2\/posts\/2916\/revisions"}],"wp:featuredmedia":[{"embeddable":true,"href":"https:\/\/gundemzirvesi.com\/index.php\/wp-json\/wp\/v2\/media\/2917"}],"wp:attachment":[{"href":"https:\/\/gundemzirvesi.com\/index.php\/wp-json\/wp\/v2\/media?parent=2916"}],"wp:term":[{"taxonomy":"category","embeddable":true,"href":"https:\/\/gundemzirvesi.com\/index.php\/wp-json\/wp\/v2\/categories?post=2916"},{"taxonomy":"post_tag","embeddable":true,"href":"https:\/\/gundemzirvesi.com\/index.php\/wp-json\/wp\/v2\/tags?post=2916"}],"curies":[{"name":"wp","href":"https:\/\/api.w.org\/{rel}","templated":true}]}}