{"id":2944,"date":"2026-09-02T21:54:52","date_gmt":"2026-09-02T18:54:52","guid":{"rendered":"https:\/\/gundemzirvesi.com\/index.php\/trump-irani-muzakere-masasina-cekmeye-calistigi-iddialarini-yalanladi\/"},"modified":"2026-09-02T21:54:52","modified_gmt":"2026-09-02T18:54:52","slug":"trump-irani-muzakere-masasina-cekmeye-calistigi-iddialarini-yalanladi","status":"publish","type":"post","link":"https:\/\/gundemzirvesi.com\/index.php\/trump-irani-muzakere-masasina-cekmeye-calistigi-iddialarini-yalanladi\/","title":{"rendered":"Trump, \u0130ran&#039;\u0131 m\u00fczakere masas\u0131na \u00e7ekmeye \u00e7al\u0131\u015ft\u0131\u011f\u0131 iddialar\u0131n\u0131 yalanlad\u0131"},"content":{"rendered":"<p>ABD Ba\u015fkan\u0131 Donald Trump, ABD medyas\u0131nda \u00e7\u0131kan, Washington y\u00f6netiminin \u0130ran&#039;\u0131 m\u00fczakere masas\u0131na \u00e7ekmeye \u00e7al\u0131\u015ft\u0131\u011f\u0131na y\u00f6nelik iddialar\u0131 yalanlad\u0131.<\/p>\n<p><strong>Kaynak:<\/strong> TRT Haber \u2014 <a href=\"https:\/\/www.trthaber.com\/haber\/dunya\/trump-irani-muzakere-masasina-cekmeye-calistigi-iddialarini-yalanladi-955638.html\" target=\"_blank\" rel=\"nofollow noopener\">Haberin devam\u0131n\u0131 \u00f6zg\u00fcn kayna\u011f\u0131nda oku<\/a><\/p>\n","protected":false},"excerpt":{"rendered":"<p>ABD Ba\u015fkan\u0131 Donald Trump, ABD medyas\u0131nda \u00e7\u0131kan, Washington y\u00f6netiminin \u0130ran&#8217;\u0131 m\u00fczakere masas\u0131na \u00e7ekmeye \u00e7al\u0131\u015ft\u0131\u011f\u0131na y\u00f6nelik iddialar\u0131 yalanlad\u0131.<\/p>\n","protected":false},"author":1,"featured_media":2945,"comment_status":"closed","ping_status":"closed","sticky":false,"template":"","format":"standard","meta":{"footnotes":""},"categories":[25,6],"tags":[],"class_list":["post-2944","post","type-post","status-publish","format-standard","has-post-thumbnail","hentry","category-amerika","category-dunya"],"blocksy_meta":{"styles_descriptor":{"styles":{"desktop":"","tablet":"","mobile":""},"google_fonts":[],"version":7}},"_links":{"self":[{"href":"https:\/\/gundemzirvesi.com\/index.php\/wp-json\/wp\/v2\/posts\/2944","targetHints":{"allow":["GET"]}}],"collection":[{"href":"https:\/\/gundemzirvesi.com\/index.php\/wp-json\/wp\/v2\/posts"}],"about":[{"href":"https:\/\/gundemzirvesi.com\/index.php\/wp-json\/wp\/v2\/types\/post"}],"author":[{"embeddable":true,"href":"https:\/\/gundemzirvesi.com\/index.php\/wp-json\/wp\/v2\/users\/1"}],"replies":[{"embeddable":true,"href":"https:\/\/gundemzirvesi.com\/index.php\/wp-json\/wp\/v2\/comments?post=2944"}],"version-history":[{"count":0,"href":"https:\/\/gundemzirvesi.com\/index.php\/wp-json\/wp\/v2\/posts\/2944\/revisions"}],"wp:featuredmedia":[{"embeddable":true,"href":"https:\/\/gundemzirvesi.com\/index.php\/wp-json\/wp\/v2\/media\/2945"}],"wp:attachment":[{"href":"https:\/\/gundemzirvesi.com\/index.php\/wp-json\/wp\/v2\/media?parent=2944"}],"wp:term":[{"taxonomy":"category","embeddable":true,"href":"https:\/\/gundemzirvesi.com\/index.php\/wp-json\/wp\/v2\/categories?post=2944"},{"taxonomy":"post_tag","embeddable":true,"href":"https:\/\/gundemzirvesi.com\/index.php\/wp-json\/wp\/v2\/tags?post=2944"}],"curies":[{"name":"wp","href":"https:\/\/api.w.org\/{rel}","templated":true}]}}