{"id":2968,"date":"2026-09-03T04:56:20","date_gmt":"2026-09-03T01:56:20","guid":{"rendered":"https:\/\/gundemzirvesi.com\/index.php\/kktcdeki-gemi-kazasinda-bir-kisinin-daha-cenazesine-ulasildi\/"},"modified":"2026-09-03T04:56:20","modified_gmt":"2026-09-03T01:56:20","slug":"kktcdeki-gemi-kazasinda-bir-kisinin-daha-cenazesine-ulasildi","status":"publish","type":"post","link":"https:\/\/gundemzirvesi.com\/index.php\/kktcdeki-gemi-kazasinda-bir-kisinin-daha-cenazesine-ulasildi\/","title":{"rendered":"KKTC&#039;deki gemi kazas\u0131nda bir ki\u015finin daha cenazesine ula\u015f\u0131ld\u0131"},"content":{"rendered":"<p>Girne a\u00e7\u0131klar\u0131nda ge\u00e7en pazar g\u00fcn\u00fc alabora olan yolcu gemisinde kaybolan 20 ki\u015fiyi arama \u00e7al\u0131\u015fmalar\u0131 s\u00fcr\u00fcyor. KKTC Ba\u015fbakan\u0131 \u00dcnal \u00dcstel, bir ki\u015finin daha cenazesine ula\u015f\u0131ld\u0131\u011f\u0131n\u0131 a\u00e7\u0131klad\u0131.<\/p>\n<p><strong>Kaynak:<\/strong> TRT Haber \u2014 <a href=\"https:\/\/www.trthaber.com\/haber\/gundem\/kktcdeki-gemi-kazasinda-bir-kisinin-daha-cenazesine-ulasildi-955699.html\" target=\"_blank\" rel=\"nofollow noopener\">Haberin devam\u0131n\u0131 \u00f6zg\u00fcn kayna\u011f\u0131nda oku<\/a><\/p>\n","protected":false},"excerpt":{"rendered":"<p>Girne a\u00e7\u0131klar\u0131nda ge\u00e7en pazar g\u00fcn\u00fc alabora olan yolcu gemisinde kaybolan 20 ki\u015fiyi arama \u00e7al\u0131\u015fmalar\u0131 s\u00fcr\u00fcyor. KKTC Ba\u015fbakan\u0131 \u00dcnal \u00dcstel, bir ki\u015finin daha cenazesine ula\u015f\u0131ld\u0131\u011f\u0131n\u0131 a\u00e7\u0131klad\u0131.<\/p>\n","protected":false},"author":1,"featured_media":2969,"comment_status":"closed","ping_status":"closed","sticky":false,"template":"","format":"standard","meta":{"footnotes":""},"categories":[4,42],"tags":[],"class_list":["post-2968","post","type-post","status-publish","format-standard","has-post-thumbnail","hentry","category-gundem","category-halk-sagligi"],"blocksy_meta":{"styles_descriptor":{"styles":{"desktop":"","tablet":"","mobile":""},"google_fonts":[],"version":7}},"_links":{"self":[{"href":"https:\/\/gundemzirvesi.com\/index.php\/wp-json\/wp\/v2\/posts\/2968","targetHints":{"allow":["GET"]}}],"collection":[{"href":"https:\/\/gundemzirvesi.com\/index.php\/wp-json\/wp\/v2\/posts"}],"about":[{"href":"https:\/\/gundemzirvesi.com\/index.php\/wp-json\/wp\/v2\/types\/post"}],"author":[{"embeddable":true,"href":"https:\/\/gundemzirvesi.com\/index.php\/wp-json\/wp\/v2\/users\/1"}],"replies":[{"embeddable":true,"href":"https:\/\/gundemzirvesi.com\/index.php\/wp-json\/wp\/v2\/comments?post=2968"}],"version-history":[{"count":0,"href":"https:\/\/gundemzirvesi.com\/index.php\/wp-json\/wp\/v2\/posts\/2968\/revisions"}],"wp:featuredmedia":[{"embeddable":true,"href":"https:\/\/gundemzirvesi.com\/index.php\/wp-json\/wp\/v2\/media\/2969"}],"wp:attachment":[{"href":"https:\/\/gundemzirvesi.com\/index.php\/wp-json\/wp\/v2\/media?parent=2968"}],"wp:term":[{"taxonomy":"category","embeddable":true,"href":"https:\/\/gundemzirvesi.com\/index.php\/wp-json\/wp\/v2\/categories?post=2968"},{"taxonomy":"post_tag","embeddable":true,"href":"https:\/\/gundemzirvesi.com\/index.php\/wp-json\/wp\/v2\/tags?post=2968"}],"curies":[{"name":"wp","href":"https:\/\/api.w.org\/{rel}","templated":true}]}}