{"id":3006,"date":"2026-09-03T10:54:45","date_gmt":"2026-09-03T07:54:45","guid":{"rendered":"https:\/\/gundemzirvesi.com\/index.php\/findik-iscilerini-tasiyan-traktor-devrildi-18-yarali\/"},"modified":"2026-09-03T10:54:45","modified_gmt":"2026-09-03T07:54:45","slug":"findik-iscilerini-tasiyan-traktor-devrildi-18-yarali","status":"publish","type":"post","link":"https:\/\/gundemzirvesi.com\/index.php\/findik-iscilerini-tasiyan-traktor-devrildi-18-yarali\/","title":{"rendered":"F\u0131nd\u0131k i\u015f\u00e7ilerini ta\u015f\u0131yan trakt\u00f6r devrildi: 18 yaral\u0131"},"content":{"rendered":"<p>Sakarya&#039;n\u0131n Hendek il\u00e7esinde f\u0131nd\u0131k i\u015f\u00e7ilerini ta\u015f\u0131yan trakt\u00f6r devrildi. Ya\u015fanan trafik kazas\u0131nda 18 ki\u015fi yaraland\u0131.<\/p>\n<p><strong>Kaynak:<\/strong> TRT Haber \u2014 <a href=\"https:\/\/www.trthaber.com\/haber\/turkiye\/findik-iscilerini-tasiyan-traktor-devrildi-18-yarali-955701.html\" target=\"_blank\" rel=\"nofollow noopener\">Haberin devam\u0131n\u0131 \u00f6zg\u00fcn kayna\u011f\u0131nda oku<\/a><\/p>\n","protected":false},"excerpt":{"rendered":"<p>Sakarya&#8217;n\u0131n Hendek il\u00e7esinde f\u0131nd\u0131k i\u015f\u00e7ilerini ta\u015f\u0131yan trakt\u00f6r devrildi. Ya\u015fanan trafik kazas\u0131nda 18 ki\u015fi yaraland\u0131.<\/p>\n","protected":false},"author":1,"featured_media":3007,"comment_status":"closed","ping_status":"closed","sticky":false,"template":"","format":"standard","meta":{"footnotes":""},"categories":[42,5],"tags":[],"class_list":["post-3006","post","type-post","status-publish","format-standard","has-post-thumbnail","hentry","category-halk-sagligi","category-turkiye"],"blocksy_meta":{"styles_descriptor":{"styles":{"desktop":"","tablet":"","mobile":""},"google_fonts":[],"version":7}},"_links":{"self":[{"href":"https:\/\/gundemzirvesi.com\/index.php\/wp-json\/wp\/v2\/posts\/3006","targetHints":{"allow":["GET"]}}],"collection":[{"href":"https:\/\/gundemzirvesi.com\/index.php\/wp-json\/wp\/v2\/posts"}],"about":[{"href":"https:\/\/gundemzirvesi.com\/index.php\/wp-json\/wp\/v2\/types\/post"}],"author":[{"embeddable":true,"href":"https:\/\/gundemzirvesi.com\/index.php\/wp-json\/wp\/v2\/users\/1"}],"replies":[{"embeddable":true,"href":"https:\/\/gundemzirvesi.com\/index.php\/wp-json\/wp\/v2\/comments?post=3006"}],"version-history":[{"count":0,"href":"https:\/\/gundemzirvesi.com\/index.php\/wp-json\/wp\/v2\/posts\/3006\/revisions"}],"wp:featuredmedia":[{"embeddable":true,"href":"https:\/\/gundemzirvesi.com\/index.php\/wp-json\/wp\/v2\/media\/3007"}],"wp:attachment":[{"href":"https:\/\/gundemzirvesi.com\/index.php\/wp-json\/wp\/v2\/media?parent=3006"}],"wp:term":[{"taxonomy":"category","embeddable":true,"href":"https:\/\/gundemzirvesi.com\/index.php\/wp-json\/wp\/v2\/categories?post=3006"},{"taxonomy":"post_tag","embeddable":true,"href":"https:\/\/gundemzirvesi.com\/index.php\/wp-json\/wp\/v2\/tags?post=3006"}],"curies":[{"name":"wp","href":"https:\/\/api.w.org\/{rel}","templated":true}]}}