{"id":3014,"date":"2026-09-03T12:56:36","date_gmt":"2026-09-03T09:56:36","guid":{"rendered":"https:\/\/gundemzirvesi.com\/index.php\/soykirimci-israil-ordusu-ile-isgalci-israilliler-bati-seriada-bir-koye-baskin-duzenledi\/"},"modified":"2026-09-03T12:56:36","modified_gmt":"2026-09-03T09:56:36","slug":"soykirimci-israil-ordusu-ile-isgalci-israilliler-bati-seriada-bir-koye-baskin-duzenledi","status":"publish","type":"post","link":"https:\/\/gundemzirvesi.com\/index.php\/soykirimci-israil-ordusu-ile-isgalci-israilliler-bati-seriada-bir-koye-baskin-duzenledi\/","title":{"rendered":"Soyk\u0131r\u0131mc\u0131 \u0130srail ordusu ile i\u015fgalci \u0130srailliler, Bat\u0131 \u015eeria&#039;da bir k\u00f6ye bask\u0131n d\u00fczenledi"},"content":{"rendered":"<p>\u0130srail ordusu ile Filistin topraklar\u0131n\u0131 gasbeden \u0130sraillilerin, i\u015fgal alt\u0131ndaki Bat\u0131 \u015eeria&#039;da bir k\u00f6ye d\u00fczenledi\u011fi bask\u0131nda 2 Filistinli yaraland\u0131.<\/p>\n<p><strong>Kaynak:<\/strong> TRT Haber \u2014 <a href=\"https:\/\/www.trthaber.com\/haber\/dunya\/soykirimci-israil-ordusu-ile-isgalci-israilliler-bati-seriada-bir-koye-baskin-duzenledi-955716.html\" target=\"_blank\" rel=\"nofollow noopener\">Haberin devam\u0131n\u0131 \u00f6zg\u00fcn kayna\u011f\u0131nda oku<\/a><\/p>\n","protected":false},"excerpt":{"rendered":"<p>\u0130srail ordusu ile Filistin topraklar\u0131n\u0131 gasbeden \u0130sraillilerin, i\u015fgal alt\u0131ndaki Bat\u0131 \u015eeria&#8217;da bir k\u00f6ye d\u00fczenledi\u011fi bask\u0131nda 2 Filistinli yaraland\u0131.<\/p>\n","protected":false},"author":1,"featured_media":3015,"comment_status":"closed","ping_status":"closed","sticky":false,"template":"","format":"standard","meta":{"footnotes":""},"categories":[6,24,27],"tags":[],"class_list":["post-3014","post","type-post","status-publish","format-standard","has-post-thumbnail","hentry","category-dunya","category-orta-dogu","category-piyasalar"],"blocksy_meta":{"styles_descriptor":{"styles":{"desktop":"","tablet":"","mobile":""},"google_fonts":[],"version":7}},"_links":{"self":[{"href":"https:\/\/gundemzirvesi.com\/index.php\/wp-json\/wp\/v2\/posts\/3014","targetHints":{"allow":["GET"]}}],"collection":[{"href":"https:\/\/gundemzirvesi.com\/index.php\/wp-json\/wp\/v2\/posts"}],"about":[{"href":"https:\/\/gundemzirvesi.com\/index.php\/wp-json\/wp\/v2\/types\/post"}],"author":[{"embeddable":true,"href":"https:\/\/gundemzirvesi.com\/index.php\/wp-json\/wp\/v2\/users\/1"}],"replies":[{"embeddable":true,"href":"https:\/\/gundemzirvesi.com\/index.php\/wp-json\/wp\/v2\/comments?post=3014"}],"version-history":[{"count":0,"href":"https:\/\/gundemzirvesi.com\/index.php\/wp-json\/wp\/v2\/posts\/3014\/revisions"}],"wp:featuredmedia":[{"embeddable":true,"href":"https:\/\/gundemzirvesi.com\/index.php\/wp-json\/wp\/v2\/media\/3015"}],"wp:attachment":[{"href":"https:\/\/gundemzirvesi.com\/index.php\/wp-json\/wp\/v2\/media?parent=3014"}],"wp:term":[{"taxonomy":"category","embeddable":true,"href":"https:\/\/gundemzirvesi.com\/index.php\/wp-json\/wp\/v2\/categories?post=3014"},{"taxonomy":"post_tag","embeddable":true,"href":"https:\/\/gundemzirvesi.com\/index.php\/wp-json\/wp\/v2\/tags?post=3014"}],"curies":[{"name":"wp","href":"https:\/\/api.w.org\/{rel}","templated":true}]}}