{"id":3056,"date":"2026-09-03T20:07:04","date_gmt":"2026-09-03T17:07:04","guid":{"rendered":"https:\/\/gundemzirvesi.com\/index.php\/bakan-simsek-enflasyonda-dusus-devam-ediyor\/"},"modified":"2026-09-03T20:07:04","modified_gmt":"2026-09-03T17:07:04","slug":"bakan-simsek-enflasyonda-dusus-devam-ediyor","status":"publish","type":"post","link":"https:\/\/gundemzirvesi.com\/index.php\/bakan-simsek-enflasyonda-dusus-devam-ediyor\/","title":{"rendered":"Bakan \u015eim\u015fek: Enflasyonda d\u00fc\u015f\u00fc\u015f devam ediyor"},"content":{"rendered":"<p>Hazine ve Maliye Bakan\u0131 Mehmet \u015eim\u015fek, enflasyon verilerine ili\u015fkin yapt\u0131\u011f\u0131 de\u011ferlendirmede, k\u00fcresel ve d\u00f6nemsel olumsuzluklara ra\u011fmen dezenflasyon s\u00fcrecinin s\u00fcrd\u00fc\u011f\u00fcn\u00fc bildirdi.<\/p>\n<p><strong>Kaynak:<\/strong> TRT Haber \u2014 <a href=\"https:\/\/www.trthaber.com\/haber\/gundem\/bakan-simsek-enflasyonda-dusus-devam-ediyor-955769.html\" target=\"_blank\" rel=\"nofollow noopener\">Haberin devam\u0131n\u0131 \u00f6zg\u00fcn kayna\u011f\u0131nda oku<\/a><\/p>\n","protected":false},"excerpt":{"rendered":"<p>Hazine ve Maliye Bakan\u0131 Mehmet \u015eim\u015fek, enflasyon verilerine ili\u015fkin yapt\u0131\u011f\u0131 de\u011ferlendirmede, k\u00fcresel ve d\u00f6nemsel olumsuzluklara ra\u011fmen dezenflasyon s\u00fcrecinin s\u00fcrd\u00fc\u011f\u00fcn\u00fc bildirdi.<\/p>\n","protected":false},"author":1,"featured_media":3057,"comment_status":"closed","ping_status":"closed","sticky":false,"template":"","format":"standard","meta":{"footnotes":""},"categories":[48,4],"tags":[],"class_list":["post-3056","post","type-post","status-publish","format-standard","has-post-thumbnail","hentry","category-cevre","category-gundem"],"blocksy_meta":{"styles_descriptor":{"styles":{"desktop":"","tablet":"","mobile":""},"google_fonts":[],"version":7}},"_links":{"self":[{"href":"https:\/\/gundemzirvesi.com\/index.php\/wp-json\/wp\/v2\/posts\/3056","targetHints":{"allow":["GET"]}}],"collection":[{"href":"https:\/\/gundemzirvesi.com\/index.php\/wp-json\/wp\/v2\/posts"}],"about":[{"href":"https:\/\/gundemzirvesi.com\/index.php\/wp-json\/wp\/v2\/types\/post"}],"author":[{"embeddable":true,"href":"https:\/\/gundemzirvesi.com\/index.php\/wp-json\/wp\/v2\/users\/1"}],"replies":[{"embeddable":true,"href":"https:\/\/gundemzirvesi.com\/index.php\/wp-json\/wp\/v2\/comments?post=3056"}],"version-history":[{"count":0,"href":"https:\/\/gundemzirvesi.com\/index.php\/wp-json\/wp\/v2\/posts\/3056\/revisions"}],"wp:featuredmedia":[{"embeddable":true,"href":"https:\/\/gundemzirvesi.com\/index.php\/wp-json\/wp\/v2\/media\/3057"}],"wp:attachment":[{"href":"https:\/\/gundemzirvesi.com\/index.php\/wp-json\/wp\/v2\/media?parent=3056"}],"wp:term":[{"taxonomy":"category","embeddable":true,"href":"https:\/\/gundemzirvesi.com\/index.php\/wp-json\/wp\/v2\/categories?post=3056"},{"taxonomy":"post_tag","embeddable":true,"href":"https:\/\/gundemzirvesi.com\/index.php\/wp-json\/wp\/v2\/tags?post=3056"}],"curies":[{"name":"wp","href":"https:\/\/api.w.org\/{rel}","templated":true}]}}