{"id":3096,"date":"2026-09-03T23:55:14","date_gmt":"2026-09-03T20:55:14","guid":{"rendered":"https:\/\/gundemzirvesi.com\/index.php\/turkiyede-gelecek-yil-323-fuar-duzenlenecek\/"},"modified":"2026-09-03T23:55:14","modified_gmt":"2026-09-03T20:55:14","slug":"turkiyede-gelecek-yil-323-fuar-duzenlenecek","status":"publish","type":"post","link":"https:\/\/gundemzirvesi.com\/index.php\/turkiyede-gelecek-yil-323-fuar-duzenlenecek\/","title":{"rendered":"T\u00fcrkiye&#039;de gelecek y\u0131l 323 fuar d\u00fczenlenecek"},"content":{"rendered":"<p>T\u00fcrkiye genelinde gelecek y\u0131l 99&#039;u uluslararas\u0131 olmak \u00fczere 323 fuar organize edilecek.<\/p>\n<p><strong>Kaynak:<\/strong> TRT Haber \u2014 <a href=\"https:\/\/www.trthaber.com\/haber\/ekonomi\/turkiyede-gelecek-yil-323-fuar-duzenlenecek-955772.html\" target=\"_blank\" rel=\"nofollow noopener\">Haberin devam\u0131n\u0131 \u00f6zg\u00fcn kayna\u011f\u0131nda oku<\/a><\/p>\n","protected":false},"excerpt":{"rendered":"<p>T\u00fcrkiye genelinde gelecek y\u0131l 99&#8217;u uluslararas\u0131 olmak \u00fczere 323 fuar organize edilecek.<\/p>\n","protected":false},"author":1,"featured_media":3097,"comment_status":"closed","ping_status":"closed","sticky":false,"template":"","format":"standard","meta":{"footnotes":""},"categories":[7],"tags":[],"class_list":["post-3096","post","type-post","status-publish","format-standard","has-post-thumbnail","hentry","category-ekonomi"],"blocksy_meta":{"styles_descriptor":{"styles":{"desktop":"","tablet":"","mobile":""},"google_fonts":[],"version":7}},"_links":{"self":[{"href":"https:\/\/gundemzirvesi.com\/index.php\/wp-json\/wp\/v2\/posts\/3096","targetHints":{"allow":["GET"]}}],"collection":[{"href":"https:\/\/gundemzirvesi.com\/index.php\/wp-json\/wp\/v2\/posts"}],"about":[{"href":"https:\/\/gundemzirvesi.com\/index.php\/wp-json\/wp\/v2\/types\/post"}],"author":[{"embeddable":true,"href":"https:\/\/gundemzirvesi.com\/index.php\/wp-json\/wp\/v2\/users\/1"}],"replies":[{"embeddable":true,"href":"https:\/\/gundemzirvesi.com\/index.php\/wp-json\/wp\/v2\/comments?post=3096"}],"version-history":[{"count":0,"href":"https:\/\/gundemzirvesi.com\/index.php\/wp-json\/wp\/v2\/posts\/3096\/revisions"}],"wp:featuredmedia":[{"embeddable":true,"href":"https:\/\/gundemzirvesi.com\/index.php\/wp-json\/wp\/v2\/media\/3097"}],"wp:attachment":[{"href":"https:\/\/gundemzirvesi.com\/index.php\/wp-json\/wp\/v2\/media?parent=3096"}],"wp:term":[{"taxonomy":"category","embeddable":true,"href":"https:\/\/gundemzirvesi.com\/index.php\/wp-json\/wp\/v2\/categories?post=3096"},{"taxonomy":"post_tag","embeddable":true,"href":"https:\/\/gundemzirvesi.com\/index.php\/wp-json\/wp\/v2\/tags?post=3096"}],"curies":[{"name":"wp","href":"https:\/\/api.w.org\/{rel}","templated":true}]}}