{"id":3108,"date":"2026-09-04T02:04:09","date_gmt":"2026-09-03T23:04:09","guid":{"rendered":"https:\/\/gundemzirvesi.com\/index.php\/abd-baskani-trumpin-iran-savasini-sonlandirmayi-degerlendirdigi-iddia-edildi\/"},"modified":"2026-09-04T02:04:09","modified_gmt":"2026-09-03T23:04:09","slug":"abd-baskani-trumpin-iran-savasini-sonlandirmayi-degerlendirdigi-iddia-edildi","status":"publish","type":"post","link":"https:\/\/gundemzirvesi.com\/index.php\/abd-baskani-trumpin-iran-savasini-sonlandirmayi-degerlendirdigi-iddia-edildi\/","title":{"rendered":"ABD Ba\u015fkan\u0131 Trump\u0131n \u0130ran Sava\u015f\u0131&#039;n\u0131 sonland\u0131rmay\u0131 de\u011ferlendirdi\u011fi iddia edildi"},"content":{"rendered":"<p>ABD Ba\u015fkan\u0131 Donald Trump\u2019\u0131n, \u0130ran ile sava\u015f\u0131n sona erdi\u011fini ilan etmeyi de\u011ferlendirdi\u011fi \u00f6ne s\u00fcr\u00fcld\u00fc.<\/p>\n<p><strong>Kaynak:<\/strong> TRT Haber \u2014 <a href=\"https:\/\/www.trthaber.com\/haber\/dunya\/abd-baskani-trumpin-iran-savasini-sonlandirmayi-degerlendirdigi-iddia-edildi-955750.html\" target=\"_blank\" rel=\"nofollow noopener\">Haberin devam\u0131n\u0131 \u00f6zg\u00fcn kayna\u011f\u0131nda oku<\/a><\/p>\n","protected":false},"excerpt":{"rendered":"<p>ABD Ba\u015fkan\u0131 Donald Trump\u2019\u0131n, \u0130ran ile sava\u015f\u0131n sona erdi\u011fini ilan etmeyi de\u011ferlendirdi\u011fi \u00f6ne s\u00fcr\u00fcld\u00fc.<\/p>\n","protected":false},"author":1,"featured_media":3109,"comment_status":"closed","ping_status":"closed","sticky":false,"template":"","format":"standard","meta":{"footnotes":""},"categories":[25,6,42],"tags":[],"class_list":["post-3108","post","type-post","status-publish","format-standard","has-post-thumbnail","hentry","category-amerika","category-dunya","category-halk-sagligi"],"blocksy_meta":{"styles_descriptor":{"styles":{"desktop":"","tablet":"","mobile":""},"google_fonts":[],"version":7}},"_links":{"self":[{"href":"https:\/\/gundemzirvesi.com\/index.php\/wp-json\/wp\/v2\/posts\/3108","targetHints":{"allow":["GET"]}}],"collection":[{"href":"https:\/\/gundemzirvesi.com\/index.php\/wp-json\/wp\/v2\/posts"}],"about":[{"href":"https:\/\/gundemzirvesi.com\/index.php\/wp-json\/wp\/v2\/types\/post"}],"author":[{"embeddable":true,"href":"https:\/\/gundemzirvesi.com\/index.php\/wp-json\/wp\/v2\/users\/1"}],"replies":[{"embeddable":true,"href":"https:\/\/gundemzirvesi.com\/index.php\/wp-json\/wp\/v2\/comments?post=3108"}],"version-history":[{"count":0,"href":"https:\/\/gundemzirvesi.com\/index.php\/wp-json\/wp\/v2\/posts\/3108\/revisions"}],"wp:featuredmedia":[{"embeddable":true,"href":"https:\/\/gundemzirvesi.com\/index.php\/wp-json\/wp\/v2\/media\/3109"}],"wp:attachment":[{"href":"https:\/\/gundemzirvesi.com\/index.php\/wp-json\/wp\/v2\/media?parent=3108"}],"wp:term":[{"taxonomy":"category","embeddable":true,"href":"https:\/\/gundemzirvesi.com\/index.php\/wp-json\/wp\/v2\/categories?post=3108"},{"taxonomy":"post_tag","embeddable":true,"href":"https:\/\/gundemzirvesi.com\/index.php\/wp-json\/wp\/v2\/tags?post=3108"}],"curies":[{"name":"wp","href":"https:\/\/api.w.org\/{rel}","templated":true}]}}