{"id":3188,"date":"2026-09-04T19:56:19","date_gmt":"2026-09-04T16:56:19","guid":{"rendered":"https:\/\/gundemzirvesi.com\/index.php\/cumhurbaskani-erdogan-ak-parti-sanliurfa-milletvekili-onenin-kizinin-cenaze-torenine-katildi\/"},"modified":"2026-09-04T19:56:19","modified_gmt":"2026-09-04T16:56:19","slug":"cumhurbaskani-erdogan-ak-parti-sanliurfa-milletvekili-onenin-kizinin-cenaze-torenine-katildi","status":"publish","type":"post","link":"https:\/\/gundemzirvesi.com\/index.php\/cumhurbaskani-erdogan-ak-parti-sanliurfa-milletvekili-onenin-kizinin-cenaze-torenine-katildi\/","title":{"rendered":"Cumhurba\u015fkan\u0131 Erdo\u011fan, AK Parti \u015eanl\u0131urfa Milletvekili \u00d6nen&#039;in k\u0131z\u0131n\u0131n cenaze t\u00f6renine kat\u0131ld\u0131"},"content":{"rendered":"<p>Cumhurba\u015fkan\u0131 Recep Tayyip Erdo\u011fan, AK Parti \u015eanl\u0131urfa Milletvekili Abd\u00fclkadir Emin \u00d6nen&#039;in k\u0131z\u0131 Fatma Zehra \u00d6nen&#039;in cenaze t\u00f6renine kat\u0131ld\u0131.<\/p>\n<p><strong>Kaynak:<\/strong> TRT Haber \u2014 <a href=\"https:\/\/www.trthaber.com\/haber\/gundem\/cumhurbaskani-erdogan-ak-parti-sanliurfa-milletvekili-onenin-kizinin-cenaze-torenine-katildi-955909.html\" target=\"_blank\" rel=\"nofollow noopener\">Haberin devam\u0131n\u0131 \u00f6zg\u00fcn kayna\u011f\u0131nda oku<\/a><\/p>\n","protected":false},"excerpt":{"rendered":"<p>Cumhurba\u015fkan\u0131 Recep Tayyip Erdo\u011fan, AK Parti \u015eanl\u0131urfa Milletvekili Abd\u00fclkadir Emin \u00d6nen&#8217;in k\u0131z\u0131 Fatma Zehra \u00d6nen&#8217;in cenaze t\u00f6renine kat\u0131ld\u0131.<\/p>\n","protected":false},"author":1,"featured_media":3189,"comment_status":"closed","ping_status":"closed","sticky":false,"template":"","format":"standard","meta":{"footnotes":""},"categories":[25,4,14],"tags":[],"class_list":["post-3188","post","type-post","status-publish","format-standard","has-post-thumbnail","hentry","category-amerika","category-gundem","category-siyaset"],"blocksy_meta":{"styles_descriptor":{"styles":{"desktop":"","tablet":"","mobile":""},"google_fonts":[],"version":7}},"_links":{"self":[{"href":"https:\/\/gundemzirvesi.com\/index.php\/wp-json\/wp\/v2\/posts\/3188","targetHints":{"allow":["GET"]}}],"collection":[{"href":"https:\/\/gundemzirvesi.com\/index.php\/wp-json\/wp\/v2\/posts"}],"about":[{"href":"https:\/\/gundemzirvesi.com\/index.php\/wp-json\/wp\/v2\/types\/post"}],"author":[{"embeddable":true,"href":"https:\/\/gundemzirvesi.com\/index.php\/wp-json\/wp\/v2\/users\/1"}],"replies":[{"embeddable":true,"href":"https:\/\/gundemzirvesi.com\/index.php\/wp-json\/wp\/v2\/comments?post=3188"}],"version-history":[{"count":0,"href":"https:\/\/gundemzirvesi.com\/index.php\/wp-json\/wp\/v2\/posts\/3188\/revisions"}],"wp:featuredmedia":[{"embeddable":true,"href":"https:\/\/gundemzirvesi.com\/index.php\/wp-json\/wp\/v2\/media\/3189"}],"wp:attachment":[{"href":"https:\/\/gundemzirvesi.com\/index.php\/wp-json\/wp\/v2\/media?parent=3188"}],"wp:term":[{"taxonomy":"category","embeddable":true,"href":"https:\/\/gundemzirvesi.com\/index.php\/wp-json\/wp\/v2\/categories?post=3188"},{"taxonomy":"post_tag","embeddable":true,"href":"https:\/\/gundemzirvesi.com\/index.php\/wp-json\/wp\/v2\/tags?post=3188"}],"curies":[{"name":"wp","href":"https:\/\/api.w.org\/{rel}","templated":true}]}}