{"id":3210,"date":"2026-09-04T21:58:20","date_gmt":"2026-09-04T18:58:20","guid":{"rendered":"https:\/\/gundemzirvesi.com\/index.php\/denizolgunun-olumune-iliskin-gozaltina-alinan-doktora-tutuklama-talebi\/"},"modified":"2026-09-04T21:58:20","modified_gmt":"2026-09-04T18:58:20","slug":"denizolgunun-olumune-iliskin-gozaltina-alinan-doktora-tutuklama-talebi","status":"publish","type":"post","link":"https:\/\/gundemzirvesi.com\/index.php\/denizolgunun-olumune-iliskin-gozaltina-alinan-doktora-tutuklama-talebi\/","title":{"rendered":"Denizolgun&#039;un \u00f6l\u00fcm\u00fcne ili\u015fkin g\u00f6zalt\u0131na al\u0131nan doktora tutuklama talebi"},"content":{"rendered":"<p>\u0130stanbul Beykoz&#039;da, 2016&#039;da hayat\u0131n\u0131 kaybeden eski Ula\u015ft\u0131rma Bakan\u0131 Arif Ahmet Denizolgun&#039;un \u00f6l\u00fcm\u00fcne ili\u015fkin soru\u015fturmada \u015f\u00fcpheli doktor Nurettin Demirkol&#039;un tutuklanmas\u0131 talebiyle sulh ceza hakimli\u011fine sevkine ili\u015fkin savc\u0131l\u0131k yaz\u0131s\u0131na ula\u015f\u0131ld\u0131.<\/p>\n<p><strong>Kaynak:<\/strong> TRT Haber \u2014 <a href=\"https:\/\/www.trthaber.com\/haber\/gundem\/denizolgunun-olumune-iliskin-gozaltina-alinan-doktora-tutuklama-talebi-955896.html\" target=\"_blank\" rel=\"nofollow noopener\">Haberin devam\u0131n\u0131 \u00f6zg\u00fcn kayna\u011f\u0131nda oku<\/a><\/p>\n","protected":false},"excerpt":{"rendered":"<p>\u0130stanbul Beykoz&#8217;da, 2016&#8217;da hayat\u0131n\u0131 kaybeden eski Ula\u015ft\u0131rma Bakan\u0131 Arif Ahmet Denizolgun&#8217;un \u00f6l\u00fcm\u00fcne ili\u015fkin soru\u015fturmada \u015f\u00fcpheli doktor Nurettin Demirkol&#8217;un tutuklanmas\u0131 talebiyle sulh ceza hakimli\u011fine sevkine ili\u015fkin savc\u0131l\u0131k yaz\u0131s\u0131na ula\u015f\u0131ld\u0131.<\/p>\n","protected":false},"author":1,"featured_media":3211,"comment_status":"closed","ping_status":"closed","sticky":false,"template":"","format":"standard","meta":{"footnotes":""},"categories":[4,42,27,40],"tags":[],"class_list":["post-3210","post","type-post","status-publish","format-standard","has-post-thumbnail","hentry","category-gundem","category-halk-sagligi","category-piyasalar","category-tip"],"blocksy_meta":{"styles_descriptor":{"styles":{"desktop":"","tablet":"","mobile":""},"google_fonts":[],"version":7}},"_links":{"self":[{"href":"https:\/\/gundemzirvesi.com\/index.php\/wp-json\/wp\/v2\/posts\/3210","targetHints":{"allow":["GET"]}}],"collection":[{"href":"https:\/\/gundemzirvesi.com\/index.php\/wp-json\/wp\/v2\/posts"}],"about":[{"href":"https:\/\/gundemzirvesi.com\/index.php\/wp-json\/wp\/v2\/types\/post"}],"author":[{"embeddable":true,"href":"https:\/\/gundemzirvesi.com\/index.php\/wp-json\/wp\/v2\/users\/1"}],"replies":[{"embeddable":true,"href":"https:\/\/gundemzirvesi.com\/index.php\/wp-json\/wp\/v2\/comments?post=3210"}],"version-history":[{"count":0,"href":"https:\/\/gundemzirvesi.com\/index.php\/wp-json\/wp\/v2\/posts\/3210\/revisions"}],"wp:featuredmedia":[{"embeddable":true,"href":"https:\/\/gundemzirvesi.com\/index.php\/wp-json\/wp\/v2\/media\/3211"}],"wp:attachment":[{"href":"https:\/\/gundemzirvesi.com\/index.php\/wp-json\/wp\/v2\/media?parent=3210"}],"wp:term":[{"taxonomy":"category","embeddable":true,"href":"https:\/\/gundemzirvesi.com\/index.php\/wp-json\/wp\/v2\/categories?post=3210"},{"taxonomy":"post_tag","embeddable":true,"href":"https:\/\/gundemzirvesi.com\/index.php\/wp-json\/wp\/v2\/tags?post=3210"}],"curies":[{"name":"wp","href":"https:\/\/api.w.org\/{rel}","templated":true}]}}