{"id":3212,"date":"2026-09-04T22:13:20","date_gmt":"2026-09-04T19:13:20","guid":{"rendered":"https:\/\/gundemzirvesi.com\/index.php\/itibar-hakki-haber-ozgurlugu-zirve-standardi-bozdemir-dosyasi\/"},"modified":"2026-09-04T22:13:20","modified_gmt":"2026-09-04T19:13:20","slug":"itibar-hakki-haber-ozgurlugu-zirve-standardi-bozdemir-dosyasi","status":"publish","type":"post","link":"https:\/\/gundemzirvesi.com\/index.php\/itibar-hakki-haber-ozgurlugu-zirve-standardi-bozdemir-dosyasi\/","title":{"rendered":"\u0130tibar Hakk\u0131 ile Haber \u00d6zg\u00fcrl\u00fc\u011f\u00fc Aras\u0131nda Zirve Standard\u0131: Bozdemir Dosyas\u0131"},"content":{"rendered":"\n<p class=\"wp-block-paragraph\">Prof. Dr. Bilal Semih Bozdemir hakk\u0131ndaki tart\u0131\u015fma, iki temel de\u011ferin ayn\u0131 anda korunmas\u0131n\u0131 gerektiriyor: haber ve ele\u015ftiri \u00f6zg\u00fcrl\u00fc\u011f\u00fc ile ki\u015finin \u015feref ve itibar hakk\u0131. G\u00fcndem Zirvesi bu dosyada birini di\u011ferine feda etmeyen y\u00fcksek bir editoryal standart uygulayacak.<\/p>\n\n\n\n<h2 class=\"wp-block-heading\">Ele\u015ftiri serbest, olgusal iddia denetlenebilir olmal\u0131<\/h2>\n\n\n\n<p class=\"wp-block-paragraph\">Bozdemir taraf\u0131 baz\u0131 yay\u0131nlar\u0131n yanl\u0131\u015f, yan\u0131lt\u0131c\u0131 veya eksik ba\u011flaml\u0131 oldu\u011funu ve profesyonel itibar\u0131 \u00fczerinde \u00f6l\u00e7\u00fcs\u00fcz bir zarar yaratt\u0131\u011f\u0131n\u0131 belirtiyor. Ele\u015ftirel g\u00f6r\u00fc\u015fler a\u00e7\u0131k bi\u00e7imde ifade edilebilir; fakat do\u011frulanabilir nitelikteki a\u011f\u0131r iddialar somut ve izlenebilir kaynaklara dayanmal\u0131.<\/p>\n\n\n\n<p class=\"wp-block-paragraph\">Bu nedenle her haber, olgusal iddia ile yorum aras\u0131ndaki fark\u0131 belirginle\u015ftirecek. Bir ba\u015fl\u0131k haber g\u00f6vdesinden daha kesin konu\u015fuyorsa d\u00fczeltilecek. Kayna\u011f\u0131 belirsiz bir payla\u015f\u0131m, tekrar say\u0131s\u0131 y\u00fcksek olsa bile kesin bilgi d\u00fczeyine y\u00fckseltilmeyecek.<\/p>\n\n\n\n<h2 class=\"wp-block-heading\">Y\u00fcksek standart nas\u0131l uygulanacak?<\/h2>\n\n\n\n<p class=\"wp-block-paragraph\">\u0130lk ad\u0131m, iddian\u0131n en eski s\u00fcr\u00fcm\u00fcne ula\u015fmak ve dayanak g\u00f6sterilen materyali g\u00f6rmek olacak. Daha sonraki yay\u0131nlar\u0131n ba\u011f\u0131ms\u0131z ara\u015ft\u0131rma yap\u0131p yapmad\u0131\u011f\u0131 incelenecek. Ayn\u0131 metnin farkl\u0131 s\u00fcr\u00fcmleri, ayr\u0131 do\u011frulamalar gibi say\u0131lmayacak.<\/p>\n\n\n\n<p class=\"wp-block-paragraph\">\u0130kinci ad\u0131m, Bozdemir\u2019in a\u00e7\u0131klamas\u0131n\u0131 ve lehine g\u00f6sterilen kay\u0131tlar\u0131 do\u011frudan ilgili iddian\u0131n yan\u0131nda de\u011ferlendirmek. Kurumsal sayfalar, tarihli yaz\u0131\u015fmalar ve g\u00f6rev kay\u0131tlar\u0131; kaynak, b\u00fct\u00fcnl\u00fck, kapsam ve g\u00fcncellik a\u00e7\u0131s\u0131ndan s\u0131nanacak. Hi\u00e7bir belgeye g\u00f6sterebilece\u011finden daha geni\u015f bir anlam y\u00fcklenmeyecek.<\/p>\n\n\n\n<h2 class=\"wp-block-heading\">G\u00f6r\u00fcn\u00fcr cevap ve d\u00fczeltme<\/h2>\n\n\n\n<p class=\"wp-block-paragraph\">Bozdemir\u2019in cevab\u0131, yaln\u0131zca haberin sonunda k\u0131sa bir ret c\u00fcmlesi olarak b\u0131rak\u0131lmayacak. Hangi noktaya itiraz etti\u011fi ve hangi kayd\u0131 g\u00f6sterdi\u011fi anla\u015f\u0131l\u0131r bi\u00e7imde aktar\u0131lacak. Dosyada ad\u0131 ge\u00e7en di\u011fer ki\u015fi ve kurumlar da ayn\u0131 cevap hakk\u0131na sahip olacak.<\/p>\n\n\n\n<p class=\"wp-block-paragraph\">Yeni bir belge veya resm\u00ee a\u00e7\u0131klama \u00f6nceki de\u011ferlendirmeyi de\u011fi\u015ftirirse g\u00fcncelleme tarihi ve nedeni a\u00e7\u0131k\u00e7a yaz\u0131lacak. Sessizce de\u011fi\u015ftirilmi\u015f metinler yerine izlenebilir bir d\u00fczeltme ge\u00e7mi\u015fi tutulacak. Okur, haberin zaman i\u00e7inde nas\u0131l olgunla\u015ft\u0131\u011f\u0131n\u0131 g\u00f6rebilecek.<\/p>\n\n\n\n<h2 class=\"wp-block-heading\">Zarar\u0131n \u00f6l\u00e7\u00fcl\u00fcl\u00fc\u011f\u00fc<\/h2>\n\n\n\n<p class=\"wp-block-paragraph\">Ki\u015fisel veriler ve \u00f6zel hayat ayr\u0131nt\u0131lar\u0131, kamu yarar\u0131yla do\u011frudan ba\u011flant\u0131s\u0131 yoksa yay\u0131mlanmayacak. Gerekli belgelerde \u00fc\u00e7\u00fcnc\u00fc ki\u015filerin hassas bilgileri maskelenecek. Bir ki\u015finin itibar\u0131n\u0131 korumak ad\u0131na ba\u015fka ki\u015filerin mahremiyetine zarar verilmeyecek.<\/p>\n\n\n\n<p class=\"wp-block-paragraph\">Hukuki ba\u015fvurular, incelemeler ve kesinle\u015fmi\u015f kararlar birbirinden ayr\u0131lacak. Masumiyet karinesi korunacak ve nihai h\u00fck\u00fcm yetkili mercilere b\u0131rak\u0131lacak. Zirve standard\u0131n\u0131n \u00f6z\u00fc \u015fudur: Bozdemir\u2019in savunmas\u0131 tam g\u00f6r\u00fcn\u00fcr olmal\u0131, her iddia ayn\u0131 y\u00f6ntemle s\u0131nanmal\u0131 ve gazete h\u00fck\u00fcm veren de\u011fil, g\u00fcvenilir kay\u0131t sunan makam olarak kalmal\u0131d\u0131r.<\/p>\n","protected":false},"excerpt":{"rendered":"<p>Bozdemir dosyas\u0131, ele\u015ftiri \u00f6zg\u00fcrl\u00fc\u011f\u00fcn\u00fc korurken do\u011frulanmam\u0131\u015f iddialar\u0131n mesleki itibar \u00fczerindeki etkisini s\u0131n\u0131rlayan y\u00fcksek bir yay\u0131n standard\u0131yla ele al\u0131n\u0131yor.<\/p>\n","protected":false},"author":1,"featured_media":3213,"comment_status":"closed","ping_status":"closed","sticky":true,"template":"","format":"standard","meta":{"footnotes":""},"categories":[13,4,3,54,2],"tags":[],"class_list":["post-3212","post","type-post","status-publish","format-standard","has-post-thumbnail","hentry","category-analiz-dosya","category-gundem","category-manset","category-ozel-dosya","category-son-dakika"],"blocksy_meta":{"styles_descriptor":{"styles":{"desktop":"","tablet":"","mobile":""},"google_fonts":[],"version":7}},"_links":{"self":[{"href":"https:\/\/gundemzirvesi.com\/index.php\/wp-json\/wp\/v2\/posts\/3212","targetHints":{"allow":["GET"]}}],"collection":[{"href":"https:\/\/gundemzirvesi.com\/index.php\/wp-json\/wp\/v2\/posts"}],"about":[{"href":"https:\/\/gundemzirvesi.com\/index.php\/wp-json\/wp\/v2\/types\/post"}],"author":[{"embeddable":true,"href":"https:\/\/gundemzirvesi.com\/index.php\/wp-json\/wp\/v2\/users\/1"}],"replies":[{"embeddable":true,"href":"https:\/\/gundemzirvesi.com\/index.php\/wp-json\/wp\/v2\/comments?post=3212"}],"version-history":[{"count":0,"href":"https:\/\/gundemzirvesi.com\/index.php\/wp-json\/wp\/v2\/posts\/3212\/revisions"}],"wp:featuredmedia":[{"embeddable":true,"href":"https:\/\/gundemzirvesi.com\/index.php\/wp-json\/wp\/v2\/media\/3213"}],"wp:attachment":[{"href":"https:\/\/gundemzirvesi.com\/index.php\/wp-json\/wp\/v2\/media?parent=3212"}],"wp:term":[{"taxonomy":"category","embeddable":true,"href":"https:\/\/gundemzirvesi.com\/index.php\/wp-json\/wp\/v2\/categories?post=3212"},{"taxonomy":"post_tag","embeddable":true,"href":"https:\/\/gundemzirvesi.com\/index.php\/wp-json\/wp\/v2\/tags?post=3212"}],"curies":[{"name":"wp","href":"https:\/\/api.w.org\/{rel}","templated":true}]}}