{"id":3218,"date":"2026-09-04T22:54:47","date_gmt":"2026-09-04T19:54:47","guid":{"rendered":"https:\/\/gundemzirvesi.com\/index.php\/bm-afrikanin-gercek-boyutunu-gosteren-yeni-dunya-haritasini-oyluyor\/"},"modified":"2026-09-04T22:54:47","modified_gmt":"2026-09-04T19:54:47","slug":"bm-afrikanin-gercek-boyutunu-gosteren-yeni-dunya-haritasini-oyluyor","status":"publish","type":"post","link":"https:\/\/gundemzirvesi.com\/index.php\/bm-afrikanin-gercek-boyutunu-gosteren-yeni-dunya-haritasini-oyluyor\/","title":{"rendered":"BM Afrika&#039;n\u0131n ger\u00e7ek boyutunu g\u00f6steren yeni d\u00fcnya haritas\u0131n\u0131 oyluyor"},"content":{"rendered":"<p>Birle\u015fmi\u015f Milletler Genel Kurulu, y\u00fczy\u0131llard\u0131r kullan\u0131lan geleneksel d\u00fcnya haritas\u0131 yerine Afrika k\u0131tas\u0131n\u0131n ger\u00e7ek boyutlar\u0131n\u0131 yans\u0131tan yeni bir harita tasar\u0131m\u0131na ge\u00e7ilmesini \u00f6ng\u00f6ren karar tasar\u0131s\u0131n\u0131 oylamaya haz\u0131rlan\u0131yor.<\/p>\n<p><strong>Kaynak:<\/strong> TRT Haber \u2014 <a href=\"https:\/\/www.trthaber.com\/haber\/dunya\/bm-afrikanin-gercek-boyutunu-gosteren-yeni-dunya-haritasini-oyluyor-955893.html\" target=\"_blank\" rel=\"nofollow noopener\">Haberin devam\u0131n\u0131 \u00f6zg\u00fcn kayna\u011f\u0131nda oku<\/a><\/p>\n","protected":false},"excerpt":{"rendered":"<p>Birle\u015fmi\u015f Milletler Genel Kurulu, y\u00fczy\u0131llard\u0131r kullan\u0131lan geleneksel d\u00fcnya haritas\u0131 yerine Afrika k\u0131tas\u0131n\u0131n ger\u00e7ek boyutlar\u0131n\u0131 yans\u0131tan yeni bir harita tasar\u0131m\u0131na ge\u00e7ilmesini \u00f6ng\u00f6ren karar tasar\u0131s\u0131n\u0131 oylamaya haz\u0131rlan\u0131yor.<\/p>\n","protected":false},"author":1,"featured_media":3219,"comment_status":"closed","ping_status":"closed","sticky":false,"template":"","format":"standard","meta":{"footnotes":""},"categories":[48,15,6,27],"tags":[],"class_list":["post-3218","post","type-post","status-publish","format-standard","has-post-thumbnail","hentry","category-cevre","category-diplomasi","category-dunya","category-piyasalar"],"blocksy_meta":{"styles_descriptor":{"styles":{"desktop":"","tablet":"","mobile":""},"google_fonts":[],"version":7}},"_links":{"self":[{"href":"https:\/\/gundemzirvesi.com\/index.php\/wp-json\/wp\/v2\/posts\/3218","targetHints":{"allow":["GET"]}}],"collection":[{"href":"https:\/\/gundemzirvesi.com\/index.php\/wp-json\/wp\/v2\/posts"}],"about":[{"href":"https:\/\/gundemzirvesi.com\/index.php\/wp-json\/wp\/v2\/types\/post"}],"author":[{"embeddable":true,"href":"https:\/\/gundemzirvesi.com\/index.php\/wp-json\/wp\/v2\/users\/1"}],"replies":[{"embeddable":true,"href":"https:\/\/gundemzirvesi.com\/index.php\/wp-json\/wp\/v2\/comments?post=3218"}],"version-history":[{"count":0,"href":"https:\/\/gundemzirvesi.com\/index.php\/wp-json\/wp\/v2\/posts\/3218\/revisions"}],"wp:featuredmedia":[{"embeddable":true,"href":"https:\/\/gundemzirvesi.com\/index.php\/wp-json\/wp\/v2\/media\/3219"}],"wp:attachment":[{"href":"https:\/\/gundemzirvesi.com\/index.php\/wp-json\/wp\/v2\/media?parent=3218"}],"wp:term":[{"taxonomy":"category","embeddable":true,"href":"https:\/\/gundemzirvesi.com\/index.php\/wp-json\/wp\/v2\/categories?post=3218"},{"taxonomy":"post_tag","embeddable":true,"href":"https:\/\/gundemzirvesi.com\/index.php\/wp-json\/wp\/v2\/tags?post=3218"}],"curies":[{"name":"wp","href":"https:\/\/api.w.org\/{rel}","templated":true}]}}