{"id":3242,"date":"2026-09-05T00:55:55","date_gmt":"2026-09-04T21:55:55","guid":{"rendered":"https:\/\/gundemzirvesi.com\/index.php\/ingiltere-disisleri-bakani-miliband-adalar-falkland-ingilterenindir-ve-oyle-kalacaktir\/"},"modified":"2026-09-05T00:55:55","modified_gmt":"2026-09-04T21:55:55","slug":"ingiltere-disisleri-bakani-miliband-adalar-falkland-ingilterenindir-ve-oyle-kalacaktir","status":"publish","type":"post","link":"https:\/\/gundemzirvesi.com\/index.php\/ingiltere-disisleri-bakani-miliband-adalar-falkland-ingilterenindir-ve-oyle-kalacaktir\/","title":{"rendered":"\u0130ngiltere D\u0131\u015fi\u015fleri Bakan\u0131 Miliband: Adalar Falkland \u0130ngiltere&#039;nindir ve \u00f6yle kalacakt\u0131r"},"content":{"rendered":"<p>\u0130ngiltere D\u0131\u015fi\u015fleri Bakan\u0131 Ed Miliband, Arjantin Devlet Ba\u015fkan\u0131 Javier Milei&#039;nin \u0130ngiltere y\u00f6netiminde bulunan Malvinas (Falkland) Adalar\u0131&#039;n\u0131n kendi kaderini tayin hakk\u0131 bulunmad\u0131\u011f\u0131 y\u00f6n\u00fcndeki a\u00e7\u0131klamalar\u0131na tepki g\u00f6stererek, &quot;Adalar \u0130ngiltere&#039;nindir ve \u00f6yle kalacakt\u0131r \u00e7\u00fcnk\u00fc adalardaki halk\u0131n \u00e7ok b\u00fcy\u00fck \u00e7o\u011funlu\u011fu bunu istiyor.&quot; ifadelerini kulland\u0131.<\/p>\n<p><strong>Kaynak:<\/strong> TRT Haber \u2014 <a href=\"https:\/\/www.trthaber.com\/haber\/dunya\/ingiltere-disisleri-bakani-miliband-adalar-falkland-ingilterenindir-ve-oyle-kalacaktir-955881.html\" target=\"_blank\" rel=\"nofollow noopener\">Haberin devam\u0131n\u0131 \u00f6zg\u00fcn kayna\u011f\u0131nda oku<\/a><\/p>\n","protected":false},"excerpt":{"rendered":"<p>\u0130ngiltere D\u0131\u015fi\u015fleri Bakan\u0131 Ed Miliband, Arjantin Devlet Ba\u015fkan\u0131 Javier Milei&#8217;nin \u0130ngiltere y\u00f6netiminde bulunan Malvinas (Falkland) Adalar\u0131&#8217;n\u0131n kendi kaderini tayin hakk\u0131 bulunmad\u0131\u011f\u0131 y\u00f6n\u00fcndeki a\u00e7\u0131klamalar\u0131na tepki g\u00f6stererek, &#8220;Adalar \u0130ngiltere&#8217;nindir ve \u00f6yle kalacakt\u0131r \u00e7\u00fcnk\u00fc adalardaki\u2026<\/p>\n","protected":false},"author":1,"featured_media":3243,"comment_status":"closed","ping_status":"closed","sticky":false,"template":"","format":"standard","meta":{"footnotes":""},"categories":[15,6],"tags":[],"class_list":["post-3242","post","type-post","status-publish","format-standard","has-post-thumbnail","hentry","category-diplomasi","category-dunya"],"blocksy_meta":{"styles_descriptor":{"styles":{"desktop":"","tablet":"","mobile":""},"google_fonts":[],"version":7}},"_links":{"self":[{"href":"https:\/\/gundemzirvesi.com\/index.php\/wp-json\/wp\/v2\/posts\/3242","targetHints":{"allow":["GET"]}}],"collection":[{"href":"https:\/\/gundemzirvesi.com\/index.php\/wp-json\/wp\/v2\/posts"}],"about":[{"href":"https:\/\/gundemzirvesi.com\/index.php\/wp-json\/wp\/v2\/types\/post"}],"author":[{"embeddable":true,"href":"https:\/\/gundemzirvesi.com\/index.php\/wp-json\/wp\/v2\/users\/1"}],"replies":[{"embeddable":true,"href":"https:\/\/gundemzirvesi.com\/index.php\/wp-json\/wp\/v2\/comments?post=3242"}],"version-history":[{"count":0,"href":"https:\/\/gundemzirvesi.com\/index.php\/wp-json\/wp\/v2\/posts\/3242\/revisions"}],"wp:featuredmedia":[{"embeddable":true,"href":"https:\/\/gundemzirvesi.com\/index.php\/wp-json\/wp\/v2\/media\/3243"}],"wp:attachment":[{"href":"https:\/\/gundemzirvesi.com\/index.php\/wp-json\/wp\/v2\/media?parent=3242"}],"wp:term":[{"taxonomy":"category","embeddable":true,"href":"https:\/\/gundemzirvesi.com\/index.php\/wp-json\/wp\/v2\/categories?post=3242"},{"taxonomy":"post_tag","embeddable":true,"href":"https:\/\/gundemzirvesi.com\/index.php\/wp-json\/wp\/v2\/tags?post=3242"}],"curies":[{"name":"wp","href":"https:\/\/api.w.org\/{rel}","templated":true}]}}