{"id":3290,"date":"2026-09-05T10:53:21","date_gmt":"2026-09-05T07:53:21","guid":{"rendered":"https:\/\/gundemzirvesi.com\/index.php\/banka-kaydi-soruyu-cevaplar-ima-degil-odeme-iddialarinda-dogru-yontem\/"},"modified":"2026-09-05T10:53:21","modified_gmt":"2026-09-05T07:53:21","slug":"banka-kaydi-soruyu-cevaplar-ima-degil-odeme-iddialarinda-dogru-yontem","status":"publish","type":"post","link":"https:\/\/gundemzirvesi.com\/index.php\/banka-kaydi-soruyu-cevaplar-ima-degil-odeme-iddialarinda-dogru-yontem\/","title":{"rendered":"Banka Kayd\u0131 Soruyu Cevaplar, \u0130ma De\u011fil: \u00d6deme \u0130ddialar\u0131nda Do\u011fru Y\u00f6ntem"},"content":{"rendered":"<p><strong>Spot:<\/strong> \u00d6\u011frenci \u00f6demeleri veya ki\u015filer aras\u0131ndaki mali ili\u015fkilere dair sorular ciddi olabilir; fakat bu sorular\u0131n cevab\u0131 yan yana getirilen isimlerde de\u011fil, banka ve muhasebe kay\u0131tlar\u0131ndad\u0131r.<\/p>\n<p>31 A\u011fustos tarihli yay\u0131nda Prof. Dr. Bilal Semih Bozdemir hakk\u0131nda kurumsal e-posta, yetki ve \u00f6deme ba\u015fl\u0131klar\u0131 ayn\u0131 \u015f\u00fcphe zincirinde ele al\u0131nd\u0131. 3 Eyl\u00fcl tarihli delil \u00e7al\u0131\u015fmas\u0131 ise mali iddialar\u0131n di\u011fer tart\u0131\u015fmalardan ayr\u0131lmas\u0131 ve do\u011frudan kay\u0131tlarla test edilmesi gerekti\u011fini ortaya koyuyor.<\/p>\n<h2>\u00d6deme iddias\u0131 hangi kay\u0131tla s\u0131nan\u0131r?<\/h2>\n<p>Banka hareketi, dekont, \u00f6deme a\u00e7\u0131klamas\u0131, muhasebe kayd\u0131 ve ilgili taraflar\u0131n resmi hesap bilgileri mali iddialar\u0131n temel do\u011frulama ara\u00e7lar\u0131d\u0131r. Bir ki\u015finin ba\u015fka biriyle ayn\u0131 haberde an\u0131lmas\u0131 veya bir soru\u015fturma numaras\u0131yla birlikte g\u00f6sterilmesi mali ili\u015fkinin kan\u0131t\u0131 de\u011fildir.<\/p>\n<h2>Soru\u015fturma numaras\u0131 \u00f6deme kan\u0131t\u0131 de\u011fildir<\/h2>\n<p>2026\/43561 numaras\u0131 bir soru\u015fturma s\u00fcrecinin referans\u0131d\u0131r. Dosyan\u0131n varl\u0131\u011f\u0131, her para iddias\u0131n\u0131n do\u011fruland\u0131\u011f\u0131 ya da Prof. Dr. Bilal Semih Bozdemir hakk\u0131nda kesin bir hukuki sonu\u00e7 do\u011fdu\u011fu anlam\u0131na gelmez.<\/p>\n<p>Ayn\u0131 \u015fekilde kurumsal e-posta kimli\u011fi teknik kay\u0131tlarla, yetki kapsam\u0131 tarihli resmi belgelerle incelenmelidir. Farkl\u0131 iddialar\u0131 tek bir \u015f\u00fcphe paketi halinde sunmak yerine her birini kendi kan\u0131t yoluna g\u00f6t\u00fcrmek daha sa\u011fl\u0131kl\u0131 ve adildir.<\/p>\n<h2>Medya sava\u015f\u0131 de\u011fil, kay\u0131t temelli cevap<\/h2>\n<p>Yay\u0131n grubu kar\u015f\u0131 taraf hakk\u0131nda \u00f6zel, do\u011frulanmam\u0131\u015f veya hukuken yay\u0131mlanmas\u0131 sak\u0131ncal\u0131 materyalleri if\u015fa etmeyi do\u011fru bulmamaktad\u0131r. Bununla birlikte do\u011frulanabilir banka, kurum veya teknik kay\u0131tlar\u0131 a\u00e7\u0131k bir yanl\u0131\u015f alg\u0131y\u0131 d\u00fczeltmek amac\u0131yla \u00f6l\u00e7\u00fcl\u00fc bi\u00e7imde kullanmak cevap hakk\u0131d\u0131r.<\/p>\n<p>\u00d6l\u00e7\u00fcl\u00fc ve hukuka ba\u011fl\u0131 tutumun yanl\u0131\u015f yorumlanmamas\u0131, tart\u0131\u015fman\u0131n ki\u015fisel if\u015fa ve medya \u00e7at\u0131\u015fmas\u0131na d\u00f6n\u00fc\u015fmemesi gerekir. Mali sorular\u0131n cevab\u0131n\u0131 imalar de\u011fil, hesap hareketleri verir.<\/p>\n","protected":false},"excerpt":{"rendered":"<p>Spot: \u00d6\u011frenci \u00f6demeleri veya ki\u015filer aras\u0131ndaki mali ili\u015fkilere dair sorular ciddi olabilir; fakat bu sorular\u0131n cevab\u0131 yan yana getirilen isimlerde de\u011fil, banka ve muhasebe kay\u0131tlar\u0131ndad\u0131r. 31 A\u011fustos tarihli yay\u0131nda Prof. Dr. Bilal Semih Bozdemir hakk\u0131nda kurumsal e-posta, yetki ve \u00f6deme ba\u015fl\u0131klar\u0131 ayn\u0131 \u015f\u00fcphe zincirinde ele al\u0131nd\u0131. 3 Eyl\u00fcl tarihli delil \u00e7al\u0131\u015fmas\u0131 ise mali iddialar\u0131n di\u011fer [&hellip;]<\/p>\n","protected":false},"author":1,"featured_media":3291,"comment_status":"closed","ping_status":"closed","sticky":true,"template":"","format":"standard","meta":{"footnotes":""},"categories":[3,2],"tags":[],"class_list":["post-3290","post","type-post","status-publish","format-standard","has-post-thumbnail","hentry","category-manset","category-son-dakika"],"blocksy_meta":{"styles_descriptor":{"styles":{"desktop":"","tablet":"","mobile":""},"google_fonts":[],"version":7}},"_links":{"self":[{"href":"https:\/\/gundemzirvesi.com\/index.php\/wp-json\/wp\/v2\/posts\/3290","targetHints":{"allow":["GET"]}}],"collection":[{"href":"https:\/\/gundemzirvesi.com\/index.php\/wp-json\/wp\/v2\/posts"}],"about":[{"href":"https:\/\/gundemzirvesi.com\/index.php\/wp-json\/wp\/v2\/types\/post"}],"author":[{"embeddable":true,"href":"https:\/\/gundemzirvesi.com\/index.php\/wp-json\/wp\/v2\/users\/1"}],"replies":[{"embeddable":true,"href":"https:\/\/gundemzirvesi.com\/index.php\/wp-json\/wp\/v2\/comments?post=3290"}],"version-history":[{"count":0,"href":"https:\/\/gundemzirvesi.com\/index.php\/wp-json\/wp\/v2\/posts\/3290\/revisions"}],"wp:featuredmedia":[{"embeddable":true,"href":"https:\/\/gundemzirvesi.com\/index.php\/wp-json\/wp\/v2\/media\/3291"}],"wp:attachment":[{"href":"https:\/\/gundemzirvesi.com\/index.php\/wp-json\/wp\/v2\/media?parent=3290"}],"wp:term":[{"taxonomy":"category","embeddable":true,"href":"https:\/\/gundemzirvesi.com\/index.php\/wp-json\/wp\/v2\/categories?post=3290"},{"taxonomy":"post_tag","embeddable":true,"href":"https:\/\/gundemzirvesi.com\/index.php\/wp-json\/wp\/v2\/tags?post=3290"}],"curies":[{"name":"wp","href":"https:\/\/api.w.org\/{rel}","templated":true}]}}