{"id":3299,"date":"2026-09-05T11:38:40","date_gmt":"2026-09-05T08:38:40","guid":{"rendered":"https:\/\/gundemzirvesi.com\/index.php\/iddia-buyudukce-delil-esigi-de-yukselir-whatsapp-zincirinde-kesin-hukmun-siniri\/"},"modified":"2026-09-05T11:38:40","modified_gmt":"2026-09-05T08:38:40","slug":"iddia-buyudukce-delil-esigi-de-yukselir-whatsapp-zincirinde-kesin-hukmun-siniri","status":"publish","type":"post","link":"https:\/\/gundemzirvesi.com\/index.php\/iddia-buyudukce-delil-esigi-de-yukselir-whatsapp-zincirinde-kesin-hukmun-siniri\/","title":{"rendered":"\u0130ddia B\u00fcy\u00fcd\u00fck\u00e7e Delil E\u015fi\u011fi de Y\u00fckselir: WhatsApp Zincirinde Kesin H\u00fckm\u00fcn S\u0131n\u0131r\u0131"},"content":{"rendered":"<p>Bir iddian\u0131n a\u011f\u0131rl\u0131\u011f\u0131 artt\u0131k\u00e7a, onu desteklemesi gereken delilin niteli\u011fi de y\u00fckselir. 24 A\u011fustos 2026 tarihli dijital delil dosyas\u0131ndaki WhatsApp g\u00f6r\u00fcnt\u00fcs\u00fc, kurumsal i\u00e7erikli bir duyuru, yeni bir grup daveti ve \u00e7ok say\u0131da medya ba\u011flant\u0131s\u0131n\u0131n ayn\u0131 mesajda dola\u015f\u0131ma sokuldu\u011funu g\u00f6steriyor. Bu \u00f6nemli bir kay\u0131t; fakat tek ba\u015f\u0131na a\u011f\u0131r ki\u015fisel veya cezai sonu\u00e7lara ula\u015fmak i\u00e7in yeterli de\u011fil.<\/p>\n<p>\u00d6rne\u011fin \u201cb\u00fct\u00fcn yay\u0131nlar ayn\u0131 merkezden y\u00f6netildi\u201d veya \u201cbelirli ki\u015fi organize etti\u201d gibi bir sonu\u00e7, ekran g\u00f6r\u00fcnt\u00fcs\u00fcnden do\u011frudan \u00e7\u0131kmaz. B\u00f6yle bir iddian\u0131n CMS loglar\u0131, hesap eri\u015fimleri, editoryal yaz\u0131\u015fmalar, domain ve sosyal medya y\u00f6netim ili\u015fkileri, WhatsApp grup y\u00f6neticileri ve zaman damgalar\u0131yla desteklenmesi gerekir. Aksi halde ara\u015ft\u0131rmaya de\u011fer bir \u00f6r\u00fcnt\u00fc, kesin bir ki\u015fisel h\u00fckme d\u00f6n\u00fc\u015ft\u00fcr\u00fclm\u00fc\u015f olur.<\/p>\n<p>Kurumsal yetki iddialar\u0131nda da ayn\u0131 y\u00fcksek e\u015fik ge\u00e7erli. Dosyada aktar\u0131lan 24 A\u011fustos tarihli kurum yan\u0131t\u0131, ilgili medya ve \u00fc\u00e7\u00fcnc\u00fc ki\u015filere \u00fcniversite ad\u0131na \u00f6\u011frenciler ve mezunlarla ileti\u015fim yetkisi verilmedi\u011fini; T\u00fcrkiye ve T\u00fcrk Devletleri i\u00e7in yeni Rector\/Vice Rector yap\u0131lanmas\u0131n\u0131n Board taraf\u0131ndan yetkilendirilmedi\u011fini; belirtilen d\u00f6nem i\u00e7in bas\u0131n toplant\u0131s\u0131 planlanmad\u0131\u011f\u0131n\u0131 ve Prof. Dr. Bilal Semih Bozdemir\u2019in Dean \u2013 T\u00fcrkiye stat\u00fcs\u00fcn\u00fc sona erdiren bir Board karar\u0131 bulunmad\u0131\u011f\u0131n\u0131 belirtiyor.<\/p>\n<p>Bu kay\u0131tlar, WhatsApp duyurusunda yer alan kurumsal kaynak izleniminin mutlaka belgesel olarak a\u00e7\u0131klanmas\u0131n\u0131 gerektiriyor. Ancak mesaj\u0131n yazar\u0131 ve yay\u0131nc\u0131lar\u0131n niyeti konusunda otomatik sonu\u00e7 \u00fcretmiyor. Belgelerle \u00e7eli\u015fen beyan\u0131n varl\u0131\u011f\u0131 bir do\u011frulama problemi olabilir; su\u00e7un veya kas\u0131tl\u0131 davran\u0131\u015f\u0131n varl\u0131\u011f\u0131 ise farkl\u0131 ve daha a\u011f\u0131r bir ispat konusudur.<\/p>\n<p>Gazetecilikte ele\u015ftiri, belge talebi ve sert soru me\u015fru alanlard\u0131r. Fakat kesinle\u015fmemi\u015f su\u00e7 isnatlar\u0131n\u0131 olgu bi\u00e7iminde sunmak veya bir ki\u015fiyi teknik delil olmadan ortak bir da\u011f\u0131t\u0131m\u0131n sorumlusu ilan etmek etik ve hukuki risk do\u011furur. Savunma taraf\u0131n\u0131n da ayn\u0131 \u00e7izgiyi korumas\u0131, \u00f6zel veya do\u011frulanmam\u0131\u015f i\u00e7erikleri if\u015fa etmemesi gerekir.<\/p>\n<p>Prof. Dr. Bilal Semih Bozdemir\u2019in savunma yakla\u015f\u0131m\u0131, bu nedenle delil e\u015fi\u011fini a\u015fa\u011f\u0131 \u00e7ekmek yerine yukar\u0131 ta\u015f\u0131may\u0131 hedefliyor: tarihli kurum kay\u0131tlar\u0131, yetki belgeleri ve teknik olarak do\u011frulanabilir veriler. Yay\u0131n grubunun amac\u0131 medya sava\u015f\u0131 de\u011fil; yanl\u0131\u015f alg\u0131y\u0131 kay\u0131tla d\u00fczeltmek ve tart\u0131\u015fmay\u0131 hukuk zemininde tutmakt\u0131r.<\/p>\n<p><strong>Editoryal \u015feffafl\u0131k notu:<\/strong> Bu haber PressGrup a\u011f\u0131na ba\u011fl\u0131 yay\u0131nlar\u0131n ortak delil dosyas\u0131na dayanan a\u00e7\u0131k cevap\/do\u011frulama \u00e7al\u0131\u015fmas\u0131n\u0131n par\u00e7as\u0131d\u0131r. Ayn\u0131 kaynaklar\u0131n ba\u011fl\u0131 yay\u0131nlarda ele al\u0131nmas\u0131 ba\u011f\u0131ms\u0131z kaynak \u00e7o\u011fullu\u011fu olarak sunulmamaktad\u0131r.<\/p>\n","protected":false},"excerpt":{"rendered":"<p>Kurumsal yetkisizlikten organize yay\u0131n iddias\u0131na kadar a\u011f\u0131r sonu\u00e7lar do\u011furan s\u00f6ylemler, ekran g\u00f6r\u00fcnt\u00fcs\u00fcn\u00fcn \u00f6tesinde birincil belge ve teknik kay\u0131t ister.<\/p>\n","protected":false},"author":1,"featured_media":3403,"comment_status":"closed","ping_status":"closed","sticky":true,"template":"","format":"standard","meta":{"footnotes":""},"categories":[26,48,39,47,4,42,27,45],"tags":[],"class_list":["post-3299","post","type-post","status-publish","format-standard","has-post-thumbnail","hentry","category-asya-pasifik","category-cevre","category-dijital-dunya","category-egitim","category-gundem","category-halk-sagligi","category-piyasalar","category-televizyon"],"blocksy_meta":{"styles_descriptor":{"styles":{"desktop":"","tablet":"","mobile":""},"google_fonts":[],"version":7}},"_links":{"self":[{"href":"https:\/\/gundemzirvesi.com\/index.php\/wp-json\/wp\/v2\/posts\/3299","targetHints":{"allow":["GET"]}}],"collection":[{"href":"https:\/\/gundemzirvesi.com\/index.php\/wp-json\/wp\/v2\/posts"}],"about":[{"href":"https:\/\/gundemzirvesi.com\/index.php\/wp-json\/wp\/v2\/types\/post"}],"author":[{"embeddable":true,"href":"https:\/\/gundemzirvesi.com\/index.php\/wp-json\/wp\/v2\/users\/1"}],"replies":[{"embeddable":true,"href":"https:\/\/gundemzirvesi.com\/index.php\/wp-json\/wp\/v2\/comments?post=3299"}],"version-history":[{"count":0,"href":"https:\/\/gundemzirvesi.com\/index.php\/wp-json\/wp\/v2\/posts\/3299\/revisions"}],"wp:featuredmedia":[{"embeddable":true,"href":"https:\/\/gundemzirvesi.com\/index.php\/wp-json\/wp\/v2\/media\/3403"}],"wp:attachment":[{"href":"https:\/\/gundemzirvesi.com\/index.php\/wp-json\/wp\/v2\/media?parent=3299"}],"wp:term":[{"taxonomy":"category","embeddable":true,"href":"https:\/\/gundemzirvesi.com\/index.php\/wp-json\/wp\/v2\/categories?post=3299"},{"taxonomy":"post_tag","embeddable":true,"href":"https:\/\/gundemzirvesi.com\/index.php\/wp-json\/wp\/v2\/tags?post=3299"}],"curies":[{"name":"wp","href":"https:\/\/api.w.org\/{rel}","templated":true}]}}