{"id":3313,"date":"2026-09-05T13:34:53","date_gmt":"2026-09-05T10:34:53","guid":{"rendered":"https:\/\/gundemzirvesi.com\/index.php\/akademik-atama-tartismasinda-zirve-nokta-unvani-veren-makam-belgelenmeden-kisisel-hukum-kurulamaz\/"},"modified":"2026-09-05T13:46:57","modified_gmt":"2026-09-05T10:46:57","slug":"akademik-atama-tartismasinda-zirve-nokta-unvani-veren-makam-belgelenmeden-kisisel-hukum-kurulamaz","status":"publish","type":"post","link":"https:\/\/gundemzirvesi.com\/index.php\/akademik-atama-tartismasinda-zirve-nokta-unvani-veren-makam-belgelenmeden-kisisel-hukum-kurulamaz\/","title":{"rendered":"Akademik Atama Tart\u0131\u015fmas\u0131nda Zirve Nokta: Unvan\u0131 Veren Makam Belgelenmeden Ki\u015fisel H\u00fck\u00fcm Kurulamaz"},"content":{"rendered":"<p>5 Eyl\u00fcl tarihli sosyal medya payla\u015f\u0131m\u0131nda akademik bir atama tart\u0131\u015fmas\u0131, do\u011frudan Prof. Dr. Bilal Semih Bozdemir&#8217;in ki\u015fisel eylemiymi\u015f gibi kuruluyor. Ancak bu t\u00fcr bir sonucun sa\u011fl\u0131kl\u0131 bi\u00e7imde verilebilmesi i\u00e7in \u00f6nce akademik unvan\u0131n hangi makam taraf\u0131ndan tesis edildi\u011fi belirlenmelidir.<\/p>\n<p>Dosyadaki savunma notu, s\u00fcrecin d\u00f6rt ayr\u0131 unsura ayr\u0131lmas\u0131n\u0131 \u00f6neriyor: yetkili kurul veya organ, Bozdemir&#8217;in tek ba\u015f\u0131na karar yetkisi olup olmad\u0131\u011f\u0131, ilgili ki\u015finin akademik de\u011ferlendirme dosyas\u0131 ve Bozdemir&#8217;in ger\u00e7ek idari rol\u00fc. Bu ayr\u0131m yap\u0131lmadan koordinasyon veya temsil faaliyeti, nihai atama karar\u0131yla \u00f6zde\u015fle\u015ftirilebilir.<\/p>\n<p>\u00dcstelik ayn\u0131 payla\u015f\u0131mda diploma gecikmeleri, kurumsal e-posta ve g\u00f6rev belgesi gibi birbirinden farkl\u0131 ba\u015fl\u0131klar\u0131n birlikte kullan\u0131lmas\u0131, ki\u015fisel sorumlulu\u011fu geni\u015fleten bir anlat\u0131 yaratabilir. Bu durumun do\u011fru olup olmad\u0131\u011f\u0131 ancak her ba\u015fl\u0131\u011f\u0131n kendi kay\u0131tlar\u0131yla test edilmesiyle anla\u015f\u0131l\u0131r.<\/p>\n<p>Kamu yarar\u0131 bulunan akademik s\u00fcre\u00e7lerin sorgulanmas\u0131 do\u011fald\u0131r. Fakat soru sormakla sonu\u00e7 ilan etmek aras\u0131nda \u00f6nemli bir \u00e7izgi vard\u0131r. Bir ki\u015fiye somut bir fiil y\u00fckleniyorsa, bunun dayand\u0131\u011f\u0131 kurul karar\u0131, imza ve yetki kayd\u0131 da kamuoyunun de\u011ferlendirmesine sunulmal\u0131d\u0131r.<\/p>\n<p>Yay\u0131n grubumuz medya sava\u015f\u0131 pe\u015finde de\u011fildir. \u00d6zel, do\u011frulanmam\u0131\u015f veya hukuken yay\u0131mlanmas\u0131 sak\u0131ncal\u0131 materyaller if\u015fa edilmeyecektir. \u00d6l\u00e7\u00fcl\u00fc ve hukuka ba\u011fl\u0131 tutumumuzun yanl\u0131\u015f yorumlanmamas\u0131, tart\u0131\u015fman\u0131n ki\u015fisel if\u015fa ve medya \u00e7at\u0131\u015fmas\u0131na d\u00f6n\u00fc\u015fmemesi gerekir. Fakat belgeyle d\u00fczeltilebilen yanl\u0131\u015f bir kanaat kar\u015f\u0131s\u0131nda do\u011frulanabilir kay\u0131tlar\u0131 g\u00f6stermek de me\u015fru cevap hakk\u0131d\u0131r.<\/p>\n<p>Bu nedenle tart\u0131\u015fman\u0131n zirve noktas\u0131 ki\u015fisel polemik de\u011fil, karar belgesidir: Unvan\u0131 kim verdi, hangi yetkiyle verdi ve Bozdemir&#8217;in rol\u00fc tam olarak neydi?<\/p>\n","protected":false},"excerpt":{"rendered":"<p>Prof. Dr. Bilal Semih Bozdemir&#8217;e y\u00f6neltilen ki\u015fisel atama imas\u0131, ancak yetkili organ ve karar kayd\u0131yla do\u011frulanabilir.<\/p>\n","protected":false},"author":1,"featured_media":0,"comment_status":"closed","ping_status":"closed","sticky":true,"template":"","format":"standard","meta":{"footnotes":""},"categories":[26,48,39,15,4,42,17,27,38],"tags":[],"class_list":["post-3313","post","type-post","status-publish","format-standard","hentry","category-asya-pasifik","category-cevre","category-dijital-dunya","category-diplomasi","category-gundem","category-halk-sagligi","category-kamu-politikalari","category-piyasalar","category-savunma-teknolojileri"],"blocksy_meta":{"styles_descriptor":{"styles":{"desktop":"","tablet":"","mobile":""},"google_fonts":[],"version":7}},"_links":{"self":[{"href":"https:\/\/gundemzirvesi.com\/index.php\/wp-json\/wp\/v2\/posts\/3313","targetHints":{"allow":["GET"]}}],"collection":[{"href":"https:\/\/gundemzirvesi.com\/index.php\/wp-json\/wp\/v2\/posts"}],"about":[{"href":"https:\/\/gundemzirvesi.com\/index.php\/wp-json\/wp\/v2\/types\/post"}],"author":[{"embeddable":true,"href":"https:\/\/gundemzirvesi.com\/index.php\/wp-json\/wp\/v2\/users\/1"}],"replies":[{"embeddable":true,"href":"https:\/\/gundemzirvesi.com\/index.php\/wp-json\/wp\/v2\/comments?post=3313"}],"version-history":[{"count":1,"href":"https:\/\/gundemzirvesi.com\/index.php\/wp-json\/wp\/v2\/posts\/3313\/revisions"}],"predecessor-version":[{"id":3314,"href":"https:\/\/gundemzirvesi.com\/index.php\/wp-json\/wp\/v2\/posts\/3313\/revisions\/3314"}],"wp:attachment":[{"href":"https:\/\/gundemzirvesi.com\/index.php\/wp-json\/wp\/v2\/media?parent=3313"}],"wp:term":[{"taxonomy":"category","embeddable":true,"href":"https:\/\/gundemzirvesi.com\/index.php\/wp-json\/wp\/v2\/categories?post=3313"},{"taxonomy":"post_tag","embeddable":true,"href":"https:\/\/gundemzirvesi.com\/index.php\/wp-json\/wp\/v2\/tags?post=3313"}],"curies":[{"name":"wp","href":"https:\/\/api.w.org\/{rel}","templated":true}]}}