{"id":3321,"date":"2026-09-05T13:55:16","date_gmt":"2026-09-05T10:55:16","guid":{"rendered":"https:\/\/gundemzirvesi.com\/index.php\/bm-suriyede-savas-kalintisi-muhimmat-patlamasinda-6si-cocuk-9-kisi-oldu\/"},"modified":"2026-09-05T13:55:16","modified_gmt":"2026-09-05T10:55:16","slug":"bm-suriyede-savas-kalintisi-muhimmat-patlamasinda-6si-cocuk-9-kisi-oldu","status":"publish","type":"post","link":"https:\/\/gundemzirvesi.com\/index.php\/bm-suriyede-savas-kalintisi-muhimmat-patlamasinda-6si-cocuk-9-kisi-oldu\/","title":{"rendered":"BM: Suriye&#039;de sava\u015f kal\u0131nt\u0131s\u0131 m\u00fchimmat patlamas\u0131nda 6&#039;s\u0131 \u00e7ocuk 9 ki\u015fi \u00f6ld\u00fc"},"content":{"rendered":"<p>Birle\u015fmi\u015f Milletler (BM), Suriye&#039;de, i\u00e7 sava\u015ftan kalan m\u00fchimmat\u0131n patlamas\u0131 sonucu 6&#039;s\u0131 \u00e7ocuk 9 ki\u015finin hayat\u0131n\u0131 kaybetti\u011fini ve 13 ki\u015finin yaraland\u0131\u011f\u0131n\u0131 bildirdi.<\/p>\n<p><strong>Kaynak:<\/strong> TRT Haber \u2014 <a href=\"https:\/\/www.trthaber.com\/haber\/dunya\/bm-suriyede-savas-kalintisi-muhimmat-patlamasinda-6si-cocuk-9-kisi-oldu-955923.html\" target=\"_blank\" rel=\"nofollow noopener\">Haberin devam\u0131n\u0131 \u00f6zg\u00fcn kayna\u011f\u0131nda oku<\/a><\/p>\n","protected":false},"excerpt":{"rendered":"<p>Birle\u015fmi\u015f Milletler (BM), Suriye&#8217;de, i\u00e7 sava\u015ftan kalan m\u00fchimmat\u0131n patlamas\u0131 sonucu 6&#8217;s\u0131 \u00e7ocuk 9 ki\u015finin hayat\u0131n\u0131 kaybetti\u011fini ve 13 ki\u015finin yaraland\u0131\u011f\u0131n\u0131 bildirdi.<\/p>\n","protected":false},"author":1,"featured_media":3322,"comment_status":"closed","ping_status":"closed","sticky":false,"template":"","format":"standard","meta":{"footnotes":""},"categories":[15,6,50,24],"tags":[],"class_list":["post-3321","post","type-post","status-publish","format-standard","has-post-thumbnail","hentry","category-diplomasi","category-dunya","category-kadin-aile","category-orta-dogu"],"blocksy_meta":{"styles_descriptor":{"styles":{"desktop":"","tablet":"","mobile":""},"google_fonts":[],"version":7}},"_links":{"self":[{"href":"https:\/\/gundemzirvesi.com\/index.php\/wp-json\/wp\/v2\/posts\/3321","targetHints":{"allow":["GET"]}}],"collection":[{"href":"https:\/\/gundemzirvesi.com\/index.php\/wp-json\/wp\/v2\/posts"}],"about":[{"href":"https:\/\/gundemzirvesi.com\/index.php\/wp-json\/wp\/v2\/types\/post"}],"author":[{"embeddable":true,"href":"https:\/\/gundemzirvesi.com\/index.php\/wp-json\/wp\/v2\/users\/1"}],"replies":[{"embeddable":true,"href":"https:\/\/gundemzirvesi.com\/index.php\/wp-json\/wp\/v2\/comments?post=3321"}],"version-history":[{"count":0,"href":"https:\/\/gundemzirvesi.com\/index.php\/wp-json\/wp\/v2\/posts\/3321\/revisions"}],"wp:featuredmedia":[{"embeddable":true,"href":"https:\/\/gundemzirvesi.com\/index.php\/wp-json\/wp\/v2\/media\/3322"}],"wp:attachment":[{"href":"https:\/\/gundemzirvesi.com\/index.php\/wp-json\/wp\/v2\/media?parent=3321"}],"wp:term":[{"taxonomy":"category","embeddable":true,"href":"https:\/\/gundemzirvesi.com\/index.php\/wp-json\/wp\/v2\/categories?post=3321"},{"taxonomy":"post_tag","embeddable":true,"href":"https:\/\/gundemzirvesi.com\/index.php\/wp-json\/wp\/v2\/tags?post=3321"}],"curies":[{"name":"wp","href":"https:\/\/api.w.org\/{rel}","templated":true}]}}