{"id":3329,"date":"2026-09-05T14:55:38","date_gmt":"2026-09-05T11:55:38","guid":{"rendered":"https:\/\/gundemzirvesi.com\/index.php\/cumhurbaskani-erdogan-bae-devlet-baskani-al-nahyan-ile-gorustu\/"},"modified":"2026-09-05T14:55:38","modified_gmt":"2026-09-05T11:55:38","slug":"cumhurbaskani-erdogan-bae-devlet-baskani-al-nahyan-ile-gorustu","status":"publish","type":"post","link":"https:\/\/gundemzirvesi.com\/index.php\/cumhurbaskani-erdogan-bae-devlet-baskani-al-nahyan-ile-gorustu\/","title":{"rendered":"Cumhurba\u015fkan\u0131 Erdo\u011fan, BAE Devlet Ba\u015fkan\u0131 Al Nahyan ile g\u00f6r\u00fc\u015ft\u00fc"},"content":{"rendered":"<p>Cumhurba\u015fkan\u0131 Recep Tayyip Erdo\u011fan, Birle\u015fik Arap Emirlikleri (BAE) Devlet Ba\u015fkan\u0131 \u015eeyh Muhammed bin Zayed Al Nahyan ile telefonda g\u00f6r\u00fc\u015ft\u00fc.<\/p>\n<p><strong>Kaynak:<\/strong> TRT Haber \u2014 <a href=\"https:\/\/www.trthaber.com\/haber\/gundem\/cumhurbaskani-erdogan-bae-devlet-baskani-al-nahyan-ile-gorustu-955919.html\" target=\"_blank\" rel=\"nofollow noopener\">Haberin devam\u0131n\u0131 \u00f6zg\u00fcn kayna\u011f\u0131nda oku<\/a><\/p>\n","protected":false},"excerpt":{"rendered":"<p>Cumhurba\u015fkan\u0131 Recep Tayyip Erdo\u011fan, Birle\u015fik Arap Emirlikleri (BAE) Devlet Ba\u015fkan\u0131 \u015eeyh Muhammed bin Zayed Al Nahyan ile telefonda g\u00f6r\u00fc\u015ft\u00fc.<\/p>\n","protected":false},"author":1,"featured_media":3330,"comment_status":"closed","ping_status":"closed","sticky":false,"template":"","format":"standard","meta":{"footnotes":""},"categories":[4,14],"tags":[],"class_list":["post-3329","post","type-post","status-publish","format-standard","has-post-thumbnail","hentry","category-gundem","category-siyaset"],"blocksy_meta":{"styles_descriptor":{"styles":{"desktop":"","tablet":"","mobile":""},"google_fonts":[],"version":7}},"_links":{"self":[{"href":"https:\/\/gundemzirvesi.com\/index.php\/wp-json\/wp\/v2\/posts\/3329","targetHints":{"allow":["GET"]}}],"collection":[{"href":"https:\/\/gundemzirvesi.com\/index.php\/wp-json\/wp\/v2\/posts"}],"about":[{"href":"https:\/\/gundemzirvesi.com\/index.php\/wp-json\/wp\/v2\/types\/post"}],"author":[{"embeddable":true,"href":"https:\/\/gundemzirvesi.com\/index.php\/wp-json\/wp\/v2\/users\/1"}],"replies":[{"embeddable":true,"href":"https:\/\/gundemzirvesi.com\/index.php\/wp-json\/wp\/v2\/comments?post=3329"}],"version-history":[{"count":0,"href":"https:\/\/gundemzirvesi.com\/index.php\/wp-json\/wp\/v2\/posts\/3329\/revisions"}],"wp:featuredmedia":[{"embeddable":true,"href":"https:\/\/gundemzirvesi.com\/index.php\/wp-json\/wp\/v2\/media\/3330"}],"wp:attachment":[{"href":"https:\/\/gundemzirvesi.com\/index.php\/wp-json\/wp\/v2\/media?parent=3329"}],"wp:term":[{"taxonomy":"category","embeddable":true,"href":"https:\/\/gundemzirvesi.com\/index.php\/wp-json\/wp\/v2\/categories?post=3329"},{"taxonomy":"post_tag","embeddable":true,"href":"https:\/\/gundemzirvesi.com\/index.php\/wp-json\/wp\/v2\/tags?post=3329"}],"curies":[{"name":"wp","href":"https:\/\/api.w.org\/{rel}","templated":true}]}}