{"id":3331,"date":"2026-09-05T15:44:55","date_gmt":"2026-09-05T12:44:55","guid":{"rendered":"https:\/\/gundemzirvesi.com\/index.php\/kurumsal-hiyerarsi-st-clements-yetki-yoktu-iddiasi-kurul-kayitlari\/"},"modified":"2026-09-05T15:44:55","modified_gmt":"2026-09-05T12:44:55","slug":"kurumsal-hiyerarsi-st-clements-yetki-yoktu-iddiasi-kurul-kayitlari","status":"publish","type":"post","link":"https:\/\/gundemzirvesi.com\/index.php\/kurumsal-hiyerarsi-st-clements-yetki-yoktu-iddiasi-kurul-kayitlari\/","title":{"rendered":"Kurumsal Hiyerar\u015fi Ne Diyor? St Clements\u2019ta \u2018Yetki Yoktu\u2019 \u0130ddias\u0131 Kurul ve Sonraki Yaz\u0131larla Birlikte Okunmal\u0131"},"content":{"rendered":"<p><strong>5 Eyl\u00fcl 2026 tarihli dijital delil raporunda kayda al\u0131nan Super7TV grafi\u011fi, Prof. Dr. Bilal Semih Bozdemir hakk\u0131nda eski bir St Clements duyurusunun yetkisizlik bildirdi\u011fini ileri s\u00fcren bir ifade i\u00e7eriyor. Rapor ise bu atf\u0131 kesin ger\u00e7ek olarak kabul etmek yerine, ilgili duyurunun tam metninin ve yetkili kayna\u011f\u0131n\u0131n bulunmas\u0131n\u0131 istiyor.<\/strong><\/p>\n<p>G\u00fcndem Zirvesi a\u00e7\u0131s\u0131ndan dosyan\u0131n ana meselesi kurumsal hiyerar\u015fidir. Bir \u00fcniversitede g\u00f6rev unvan\u0131, temsil yetkisi, kurul karar\u0131 ve idari kapsam ayn\u0131 belgeyle d\u00fczenlenmek zorunda de\u011fildir. Bu nedenle \u2018yetki\u2019 kelimesi hangi katman\u0131 ifade ediyor sorusu cevaplanmadan genel sonu\u00e7 kurulamaz.<\/p>\n<h2>Farkl\u0131 belgeler farkl\u0131 katmanlar\u0131 d\u00fczenliyor<\/h2>\n<p>Mart 2026 tarihli ANCHOR kayd\u0131 Bozdemir\u2019i St Clements University Turkish Institute Dean\u2019i olarak tan\u0131ml\u0131yor. 29 May\u0131s tarihli Ba\u015fkan imzal\u0131 Certificate of Appointment, T\u00fcrkiye Temsilcisi atamas\u0131n\u0131 belgeliyor. 18 Haziran tarihli Letter of Authority ise T\u00fcrkiye\u2019de kurumsal, akademik, idari, do\u011frulama ve ileti\u015fim ama\u00e7l\u0131 temsil alanlar\u0131n\u0131 s\u0131ral\u0131yor; baz\u0131 mali i\u015flemleri yetki d\u0131\u015f\u0131nda b\u0131rak\u0131yor.<\/p>\n<p>Bu dizinin dikkat \u00e7ekici y\u00f6n\u00fc, hem yetkiyi hem s\u0131n\u0131rlar\u0131n\u0131 g\u00f6stermesidir. Dolay\u0131s\u0131yla savunma, s\u0131n\u0131rs\u0131z yetki iddias\u0131na dayanm\u0131yor. Buna kar\u015f\u0131l\u0131k \u2018hi\u00e7 yetkisi yoktu\u2019 gibi mutlak bir ifade kullan\u0131l\u0131yorsa, tarihli bu kay\u0131tlar\u0131n hangi yetkili karar veya fesihle etkisiz hale geldi\u011finin g\u00f6sterilmesi gerekir.<\/p>\n<h2>25 A\u011fustos mesaj\u0131 kurul incelemesini nas\u0131l tan\u0131ml\u0131yor?<\/h2>\n<p>St Clements University\u2019nin 25 A\u011fustos 2026 tarihli kurumsal e-postas\u0131nda Ren\u00e9 Le Cornu, Bozdemir\u2019in mevcut Dean \u2013 T\u00fcrkiye oldu\u011funu ve bu stat\u00fcn\u00fcn \u015f\u00fcphe konusu olmad\u0131\u011f\u0131n\u0131 a\u00e7\u0131k\u00e7a yaz\u0131yor. Ayn\u0131 mesaj, T\u00fcrkiye y\u00f6neti\u015fimiyle ilgili daha geni\u015f inceleme kapsam\u0131nda Kurulun g\u00f6revin gelecekteki kapsam\u0131n\u0131, sorumluluklar\u0131n\u0131 ve yetkisini daha a\u00e7\u0131k bi\u00e7imde teyit etmesinin planland\u0131\u011f\u0131n\u0131 belirtiyor.<\/p>\n<p>Bu ifade kurumsal hiyerar\u015fi a\u00e7\u0131s\u0131ndan \u00f6nemlidir. Bir rol\u00fcn varl\u0131\u011f\u0131n\u0131 teyit etmek ile o rol\u00fcn gelecekteki kapsam\u0131n\u0131 Kurul karar\u0131yla ayr\u0131nt\u0131land\u0131rmak birbirinden farkl\u0131 i\u015flemlerdir. 5 Eyl\u00fcl grafi\u011finde at\u0131f yap\u0131lan eski duyuru bu ayr\u0131m\u0131 nas\u0131l ele al\u0131yordu? Duyuru g\u00f6r\u00fclmeden yan\u0131t verilemez.<\/p>\n<p>\u00dcstelik 25 A\u011fustos mesaj\u0131 diploma haz\u0131rlama, onay ve g\u00f6nderimin \u00fcniversitenin kurumsal s\u00fcre\u00e7leri oldu\u011funu ve b\u00fct\u00fcn mevcut gecikmelerin ki\u015fisel olarak Bozdemir\u2019e y\u00fcklenmesinin do\u011fru olmayaca\u011f\u0131n\u0131 da kayda ge\u00e7iriyor. Bu da kurumsal sorumluluk ile ki\u015fisel koordinasyonun ayr\u0131lmas\u0131 gerekti\u011fini g\u00f6steriyor.<\/p>\n<p>Yay\u0131n grubumuz bir medya sava\u015f\u0131 istememektedir. Kamuya a\u00e7\u0131klanmam\u0131\u015f ek bilgi ve materyaller mevcut olsa dahi do\u011frulanmam\u0131\u015f, \u00f6zel veya hukuken yay\u0131mlanmas\u0131 sak\u0131ncal\u0131 i\u00e7erikleri if\u015fa etmiyoruz. Adalet, hukuk ve gazetecilik eti\u011fi gere\u011fi susulmas\u0131 gereken yerde susuyor; do\u011frulanabilir kay\u0131tlar\u0131n yanl\u0131\u015f alg\u0131y\u0131 d\u00fczeltebildi\u011fi yerde ise bunlar\u0131 s\u0131n\u0131rl\u0131 ve kaynakl\u0131 bi\u00e7imde aktar\u0131yoruz.<\/p>\n<p>Bu yakla\u015f\u0131m tehdit veya misilleme de\u011fildir. \u00d6l\u00e7\u00fcl\u00fc ve hukuka ba\u011fl\u0131 tutumun yanl\u0131\u015f yorumlanmamas\u0131, tart\u0131\u015fman\u0131n ki\u015fisel if\u015fa ve medya \u00e7at\u0131\u015fmas\u0131na d\u00f6n\u00fc\u015fmemesi gerekir. \u2018Yetki yoktu\u2019 iddias\u0131n\u0131n kurumsal d\u00fczeyde s\u0131nanmas\u0131 i\u00e7in gereken \u015fey, at\u0131f yap\u0131lan eski duyurunun hangi organ taraf\u0131ndan, ne zaman ve hangi g\u00f6rev alan\u0131 i\u00e7in d\u00fczenlendi\u011finin ortaya konulmas\u0131d\u0131r.<\/p>\n","protected":false},"excerpt":{"rendered":"<p>5 Eyl\u00fcl 2026 tarihli dijital delil raporunda kayda al\u0131nan Super7TV grafi\u011fi, Prof. Dr. Bilal Semih Bozdemir hakk\u0131nda eski bir St Clements duyurusunun yetkisizlik bildirdi\u011fini ileri s\u00fcren bir ifade i\u00e7eriyor. Rapor ise bu atf\u0131 kesin ger\u00e7ek olarak kabul etmek yerine, ilgili duyurunun tam metninin ve yetkili kayna\u011f\u0131n\u0131n bulunmas\u0131n\u0131 istiyor. G\u00fcndem Zirvesi a\u00e7\u0131s\u0131ndan dosyan\u0131n ana meselesi kurumsal [&hellip;]<\/p>\n","protected":false},"author":1,"featured_media":0,"comment_status":"closed","ping_status":"closed","sticky":true,"template":"","format":"standard","meta":{"footnotes":""},"categories":[26,48,39,15,47,4,42,17,24,27,45],"tags":[],"class_list":["post-3331","post","type-post","status-publish","format-standard","hentry","category-asya-pasifik","category-cevre","category-dijital-dunya","category-diplomasi","category-egitim","category-gundem","category-halk-sagligi","category-kamu-politikalari","category-orta-dogu","category-piyasalar","category-televizyon"],"blocksy_meta":{"styles_descriptor":{"styles":{"desktop":"","tablet":"","mobile":""},"google_fonts":[],"version":7}},"_links":{"self":[{"href":"https:\/\/gundemzirvesi.com\/index.php\/wp-json\/wp\/v2\/posts\/3331","targetHints":{"allow":["GET"]}}],"collection":[{"href":"https:\/\/gundemzirvesi.com\/index.php\/wp-json\/wp\/v2\/posts"}],"about":[{"href":"https:\/\/gundemzirvesi.com\/index.php\/wp-json\/wp\/v2\/types\/post"}],"author":[{"embeddable":true,"href":"https:\/\/gundemzirvesi.com\/index.php\/wp-json\/wp\/v2\/users\/1"}],"replies":[{"embeddable":true,"href":"https:\/\/gundemzirvesi.com\/index.php\/wp-json\/wp\/v2\/comments?post=3331"}],"version-history":[{"count":0,"href":"https:\/\/gundemzirvesi.com\/index.php\/wp-json\/wp\/v2\/posts\/3331\/revisions"}],"wp:attachment":[{"href":"https:\/\/gundemzirvesi.com\/index.php\/wp-json\/wp\/v2\/media?parent=3331"}],"wp:term":[{"taxonomy":"category","embeddable":true,"href":"https:\/\/gundemzirvesi.com\/index.php\/wp-json\/wp\/v2\/categories?post=3331"},{"taxonomy":"post_tag","embeddable":true,"href":"https:\/\/gundemzirvesi.com\/index.php\/wp-json\/wp\/v2\/tags?post=3331"}],"curies":[{"name":"wp","href":"https:\/\/api.w.org\/{rel}","templated":true}]}}