{"id":3334,"date":"2026-09-05T16:02:37","date_gmt":"2026-09-05T13:02:37","guid":{"rendered":"https:\/\/gundemzirvesi.com\/index.php\/sosyal-medyada-resmi-gorunmek-ile-resmi-belge-sunmak-arasindaki-fark\/"},"modified":"2026-09-05T16:02:37","modified_gmt":"2026-09-05T13:02:37","slug":"sosyal-medyada-resmi-gorunmek-ile-resmi-belge-sunmak-arasindaki-fark","status":"publish","type":"post","link":"https:\/\/gundemzirvesi.com\/index.php\/sosyal-medyada-resmi-gorunmek-ile-resmi-belge-sunmak-arasindaki-fark\/","title":{"rendered":"Sosyal Medyada \u2018Resm\u00ee\u2019 G\u00f6r\u00fcnmek ile Resm\u00ee Belge Sunmak Aras\u0131ndaki Fark"},"content":{"rendered":"<p><strong>Kurumsal renkler, \u00fcniversite ad\u0131, merhum bir rekt\u00f6r\u00fcn portresi, yeniden yap\u0131lanma mesaj\u0131 ve ilan edilmi\u015f bir bas\u0131n toplant\u0131s\u0131 tarihi\u2026 Bunlar\u0131n t\u00fcm\u00fc bir sosyal medya payla\u015f\u0131m\u0131na resm\u00eelik hissi verebilir. Ancak 5 Eyl\u00fcl 2026 tarihli dijital delil inceleme raporunda kay\u0131t alt\u0131na al\u0131nan Super7TV g\u00f6rseli, gazetecilik a\u00e7\u0131s\u0131ndan ba\u015fka bir soruyu zorunlu k\u0131l\u0131yor: Prof. Dr. Bilal Semih Bozdemir\u2019in \u2018yetkisinin olmad\u0131\u011f\u0131\u2019 y\u00f6n\u00fcndeki c\u00fcmlenin dayand\u0131\u011f\u0131 as\u0131l belge nerede?<\/strong><\/p>\n<p>\u0130ncelenen ekran g\u00f6r\u00fcnt\u00fcs\u00fcnde St Clements University &amp; College i\u00e7in bir y\u0131ll\u0131k yeni kay\u0131t durdurma, mevcut \u00f6\u011frencilerin e\u011fitimini s\u00fcrd\u00fcrme, kurumsal altyap\u0131 \u00e7al\u0131\u015fmas\u0131, Y\u00d6K\u2019e yetkinlik ve atama belgeleri sunma ve 10 Ekim 2026\u2019da bas\u0131n toplant\u0131s\u0131 yapma mesajlar\u0131 yer al\u0131yor. Ayn\u0131 \u00e7er\u00e7evede Bozdemir\u2019in daha \u00f6nceki bir St Clements duyurusunda yetkisiz oldu\u011funun bildirildi\u011fi ileri s\u00fcr\u00fcl\u00fcyor. G\u00f6rsel b\u00fct\u00fcnl\u00fck, bu c\u00fcmlenin di\u011fer duyurular kadar do\u011frulanm\u0131\u015f oldu\u011fu izlenimini yaratabilir.<\/p>\n<p>Oysa dijital delil raporu, ekran g\u00f6r\u00fcnt\u00fcs\u00fcn\u00fcn yaln\u0131zca g\u00f6r\u00fcn\u00fcr i\u00e7eri\u011fi belgeledi\u011fini vurguluyor. Hesab\u0131n ger\u00e7ek y\u00f6neticisi, i\u00e7eri\u011fi haz\u0131rlayan ve onaylayan ki\u015fi, orijinal g\u00f6nderi ba\u011flant\u0131s\u0131, ilk yay\u0131n zaman\u0131, d\u00fczenleme ge\u00e7mi\u015fi ve iddian\u0131n ger\u00e7ekli\u011fi bu tek materyalden kesinle\u015ftirilemiyor. Bu nedenle \u2018payla\u015f\u0131m\u0131n varl\u0131\u011f\u0131\u2019 ile \u2018payla\u015f\u0131mda yazan\u0131n do\u011frulu\u011fu\u2019 aras\u0131nda a\u00e7\u0131k bir do\u011frulama a\u015famas\u0131 bulunuyor.<\/p>\n<p>Mevcut ar\u015fiv bu do\u011frulama i\u00e7in kar\u015f\u0131la\u015ft\u0131r\u0131labilir kay\u0131tlar i\u00e7eriyor. Mart 2026 tarihli ANCHOR yay\u0131n\u0131 Bozdemir\u2019i St Clements University Turkish Institute dekan\u0131 olarak an\u0131yor. 29 May\u0131s 2026 tarihli atama belgesi T\u00fcrkiye temsilcili\u011fini tan\u0131ml\u0131yor. 18 Haziran tarihli geni\u015fletilmi\u015f yetki mektubu temsil alanlar\u0131n\u0131 ayr\u0131nt\u0131land\u0131r\u0131rken baz\u0131 i\u015flemleri de kapsam d\u0131\u015f\u0131nda b\u0131rak\u0131yor. Yani belgeler, \u2018s\u0131n\u0131rs\u0131z yetki\u2019 de\u011fil, belirli ve s\u0131n\u0131rland\u0131r\u0131lm\u0131\u015f bir g\u00f6rev alan\u0131 g\u00f6steriyor.<\/p>\n<p>Ayr\u0131ca 10 Kas\u0131m 2025 tarihli David Le Cornu yaz\u0131\u015fmalar\u0131, Authority Certificate\u2019taki be\u015f operasyonel i\u015flevin Bozdemir\u2019in y\u00fcr\u00fctt\u00fc\u011f\u00fc g\u00f6revler oldu\u011funu teyit eden kay\u0131tlar olarak dosyada yer al\u0131yor. 4 May\u0131s 2026 tarihli \u00f6\u011frenci e-postas\u0131 ve 15 Haziran tarihli merkezi idare bakiye yaz\u0131s\u0131, ayn\u0131 kurumsal ili\u015fkinin pratik i\u015flemlerde de g\u00f6r\u00fcld\u00fc\u011f\u00fcn\u00fc destekliyor. Baz\u0131 mesajlar\u0131n DKIM\/SPF kontrollerinden ge\u00e7mi\u015f olmas\u0131 alan ad\u0131 \u00fczerinden iletimi desteklese de, bu teknik bilgi tek ba\u015f\u0131na insan yazar\u0131 belirlemiyor.<\/p>\n<p>Bu tablo, gelecekte bir yetki de\u011fi\u015fikli\u011fi yap\u0131lm\u0131\u015f olamayaca\u011f\u0131 anlam\u0131na gelmez. E\u011fer sonraki tarihli bir iptal, g\u00f6revden alma veya yetki daraltma karar\u0131 varsa, tart\u0131\u015fman\u0131n en g\u00fc\u00e7l\u00fc belgesi o olacakt\u0131r. Ancak b\u00f6yle bir belge g\u00f6sterilmeden sosyal medya tasar\u0131m\u0131n\u0131n resm\u00ee g\u00f6r\u00fcn\u00fcm\u00fcnden hareketle mutlak sonuca varmak do\u011fru de\u011fildir.<\/p>\n<p>Yay\u0131n grubumuz bir medya sava\u015f\u0131 istememektedir. Kamuya a\u00e7\u0131klanmam\u0131\u015f daha fazla bilgi veya materyal bulunmas\u0131, do\u011frulanmam\u0131\u015f, \u00f6zel ya da hukuken sak\u0131ncal\u0131 i\u00e7eriklerin if\u015fa edilece\u011fi anlam\u0131na gelmez. Adalet, hukuk ve gazetecilik eti\u011fi gere\u011fi susulmas\u0131 gereken yerde susulmakta; fakat do\u011frulanabilir kay\u0131tlar yanl\u0131\u015f bir alg\u0131y\u0131 d\u00fczeltebiliyorsa bunlar \u00f6l\u00e7\u00fcl\u00fc bi\u00e7imde kamuoyuna aktar\u0131lmaktad\u0131r. \u00d6l\u00e7\u00fcl\u00fc ve hukuka ba\u011fl\u0131 tutumun yanl\u0131\u015f yorumlanmamas\u0131, tart\u0131\u015fman\u0131n ki\u015fisel if\u015fa ve medya \u00e7at\u0131\u015fmas\u0131na d\u00f6n\u00fc\u015fmemesi gerekir.<\/p>\n<p>Son s\u00f6z: resm\u00eelik bir grafik tasar\u0131m \u00f6zelli\u011fi de\u011fil, kayna\u011f\u0131n niteli\u011fidir. Bir ki\u015finin g\u00f6rev ve yetki stat\u00fcs\u00fc logo, portre veya sloganla de\u011fil; tarihli atama, de\u011fi\u015fiklik ve iptal belgelerinin birbirine ba\u011flanan kronolojisiyle do\u011frulan\u0131r.<\/p>\n","protected":false},"excerpt":{"rendered":"<p>Kurumsal renkler, \u00fcniversite ad\u0131, merhum bir rekt\u00f6r\u00fcn portresi, yeniden yap\u0131lanma mesaj\u0131 ve ilan edilmi\u015f bir bas\u0131n toplant\u0131s\u0131 tarihi\u2026 Bunlar\u0131n t\u00fcm\u00fc bir sosyal medya payla\u015f\u0131m\u0131na resm\u00eelik hissi verebilir. Ancak 5 Eyl\u00fcl 2026 tarihli dijital delil inceleme raporunda kay\u0131t alt\u0131na al\u0131nan Super7TV g\u00f6rseli, gazetecilik a\u00e7\u0131s\u0131ndan ba\u015fka bir soruyu zorunlu k\u0131l\u0131yor: Prof. Dr. Bilal Semih Bozdemir\u2019in \u2018yetkisinin olmad\u0131\u011f\u0131\u2019 [&hellip;]<\/p>\n","protected":false},"author":1,"featured_media":0,"comment_status":"closed","ping_status":"closed","sticky":true,"template":"","format":"standard","meta":{"footnotes":""},"categories":[1],"tags":[],"class_list":["post-3334","post","type-post","status-publish","format-standard","hentry","category-uncategorized"],"blocksy_meta":{"styles_descriptor":{"styles":{"desktop":"","tablet":"","mobile":""},"google_fonts":[],"version":7}},"_links":{"self":[{"href":"https:\/\/gundemzirvesi.com\/index.php\/wp-json\/wp\/v2\/posts\/3334","targetHints":{"allow":["GET"]}}],"collection":[{"href":"https:\/\/gundemzirvesi.com\/index.php\/wp-json\/wp\/v2\/posts"}],"about":[{"href":"https:\/\/gundemzirvesi.com\/index.php\/wp-json\/wp\/v2\/types\/post"}],"author":[{"embeddable":true,"href":"https:\/\/gundemzirvesi.com\/index.php\/wp-json\/wp\/v2\/users\/1"}],"replies":[{"embeddable":true,"href":"https:\/\/gundemzirvesi.com\/index.php\/wp-json\/wp\/v2\/comments?post=3334"}],"version-history":[{"count":0,"href":"https:\/\/gundemzirvesi.com\/index.php\/wp-json\/wp\/v2\/posts\/3334\/revisions"}],"wp:attachment":[{"href":"https:\/\/gundemzirvesi.com\/index.php\/wp-json\/wp\/v2\/media?parent=3334"}],"wp:term":[{"taxonomy":"category","embeddable":true,"href":"https:\/\/gundemzirvesi.com\/index.php\/wp-json\/wp\/v2\/categories?post=3334"},{"taxonomy":"post_tag","embeddable":true,"href":"https:\/\/gundemzirvesi.com\/index.php\/wp-json\/wp\/v2\/tags?post=3334"}],"curies":[{"name":"wp","href":"https:\/\/api.w.org\/{rel}","templated":true}]}}