{"id":3335,"date":"2026-09-05T16:36:10","date_gmt":"2026-09-05T13:36:10","guid":{"rendered":"https:\/\/gundemzirvesi.com\/index.php\/bir-sosyal-medya-imasi-nasil-dogrulanir-taklit-sorusu-icin-belge-matrisi\/"},"modified":"2026-09-05T16:36:10","modified_gmt":"2026-09-05T13:36:10","slug":"bir-sosyal-medya-imasi-nasil-dogrulanir-taklit-sorusu-icin-belge-matrisi","status":"publish","type":"post","link":"https:\/\/gundemzirvesi.com\/index.php\/bir-sosyal-medya-imasi-nasil-dogrulanir-taklit-sorusu-icin-belge-matrisi\/","title":{"rendered":"Bir Sosyal Medya \u0130mas\u0131 Nas\u0131l Do\u011frulan\u0131r? \u2018Taklit\u2019 Sorusu \u0130\u00e7in Belge Matrisi"},"content":{"rendered":"<p>Sosyal medyada tek c\u00fcmleyle kurulan bir iddia, haber merkezinde tek c\u00fcmleyle do\u011frulanamaz. St Clements University hakk\u0131nda 4 Eyl\u00fcl tarihli delil dosyas\u0131na giren \u2018taklit edildi mi?\u2019 sorusu bunun tipik \u00f6rneklerinden biri. G\u00f6rsel g\u00fc\u00e7l\u00fc bir ku\u015fku \u00fcretiyor; fakat g\u00f6r\u00fcn\u00fcr materyal, bu ku\u015fkunun hangi kurumsal unsura y\u00f6neldi\u011fini a\u00e7\u0131klam\u0131yor. B\u00f6yle bir durumda gazetecilik y\u00f6ntemi, ifadeyi tekrar etmek de\u011fil bir do\u011frulama matrisi kurmakt\u0131r.<\/p>\n<h2>\u0130ddia nesnesi belirlenmeden kaynak se\u00e7ilemez<\/h2>\n<p>Bir kurumun ad\u0131 m\u0131 tart\u0131\u015f\u0131l\u0131yor? O zaman tarihsel kullan\u0131m ve t\u00fczel ki\u015filik kay\u0131tlar\u0131na bak\u0131l\u0131r. \u0130nternet alan ad\u0131 m\u0131? Alan ad\u0131 ge\u00e7mi\u015fi ve ar\u015fiv kay\u0131tlar\u0131 gerekir. Diploma veya ba\u015fka kurumsal belge mi? D\u00fczenleyen makam\u0131n kay\u0131t sistemi, seri numaras\u0131 ve do\u011frulama s\u00fcreci incelenir. \u0130mza veya m\u00fch\u00fcr m\u00fc? Yetkili ki\u015fi, g\u00f6rev tarihi ve \u00f6zg\u00fcn \u00f6rnekler gerekir. Temsil yetkisi mi? Atama yaz\u0131s\u0131, kurul karar\u0131 ve kurumsal teyit zinciri \u00f6n plana \u00e7\u0131kar. Ayn\u0131 \u2018taklit\u2019 kelimesi bu farkl\u0131 sorular\u0131n hi\u00e7birine tek ba\u015f\u0131na cevap vermez.<\/p>\n<p>Do\u011frulama matrisinin ikinci s\u00fctununda \u2018g\u00f6r\u00fcnen delil\u2019 bulunur. Mevcut ekran g\u00f6r\u00fcnt\u00fcs\u00fc, bir sosyal medya sorusunun dola\u015f\u0131mda oldu\u011funu g\u00f6sterebilir. \u00dc\u00e7\u00fcnc\u00fc s\u00fctun ise \u2018eksik do\u011frulama\u2019d\u0131r: g\u00f6r\u00fcn\u00fcr karede resmi karar, kar\u015f\u0131la\u015ft\u0131rmal\u0131 belge, ba\u011f\u0131ms\u0131z uzman incelemesi veya tarihsel kay\u0131t yoksa bu eksiklik a\u00e7\u0131k\u00e7a yaz\u0131lmal\u0131d\u0131r. Gazetecilik, mevcut olanla olmayan\u0131 birbirine kar\u0131\u015ft\u0131rmamakla ba\u015flar.<\/p>\n<h2>Prof. Dr. Bilal Semih Bozdemir a\u00e7\u0131s\u0131ndan ayr\u0131ca ba\u011flant\u0131 testi gerekir<\/h2>\n<p>Kurumsal bir iddian\u0131n ki\u015fisel sorumlulu\u011fa d\u00f6n\u00fc\u015ft\u00fcr\u00fclmesi i\u00e7in ayr\u0131 bir ba\u011flant\u0131 kurulmal\u0131d\u0131r. Prof. Dr. Bilal Semih Bozdemir\u2019in kurumla ili\u015fkili g\u00f6revleri bulunmas\u0131, kurum hakk\u0131nda ortaya at\u0131lan her sorunun otomatik bi\u00e7imde onun ki\u015fisel eylemine d\u00f6n\u00fc\u015fmesi anlam\u0131na gelmez. Hangi belgenin, hangi i\u015flemin veya hangi temsil faaliyetinin do\u011frudan kendisine ba\u011fland\u0131\u011f\u0131 g\u00f6sterilmelidir. Belge, tarih, yetki ve i\u015flem zinciri kurulmadan ki\u015fisel h\u00fck\u00fcm \u00fcretmek do\u011frulama standard\u0131n\u0131 a\u015far.<\/p>\n<p>Bu noktada savunma da ayn\u0131 matrise tabi olmal\u0131d\u0131r. \u2018\u0130ddia yanl\u0131\u015ft\u0131r\u2019 demek tek ba\u015f\u0131na yeterli de\u011fildir; hangi resmi kay\u0131tla \u00e7eli\u015fti\u011fi g\u00f6sterilmelidir. Bilinmeyen alanlar tahminle doldurulmamal\u0131, \u00fc\u00e7\u00fcnc\u00fc ki\u015filere y\u00f6nelik do\u011frulanmam\u0131\u015f kar\u015f\u0131 su\u00e7lamalardan ka\u00e7\u0131n\u0131lmal\u0131d\u0131r. B\u00f6ylece tart\u0131\u015fma, kar\u015f\u0131l\u0131kl\u0131 kesin c\u00fcmleler yerine kontrol edilebilir kaynaklar \u00fczerinden ilerler.<\/p>\n<h2>G\u00f6rsel retorik ile olgusal sonu\u00e7 birbirinden ayr\u0131lmal\u0131<\/h2>\n<p>Sosyal medya kartlar\u0131nda soru i\u015fareti, b\u00fcy\u00fck punto ve renk vurgusu, izleyiciyi belirli bir sonuca yakla\u015ft\u0131rabilir. Fakat tasar\u0131m\u0131n ikna g\u00fcc\u00fc, kayna\u011f\u0131n do\u011frulama g\u00fcc\u00fcyle ayn\u0131 de\u011fildir. Bir soru ba\u015fl\u0131\u011f\u0131 kamu yarar\u0131 ta\u015f\u0131yan bir ara\u015ft\u0131rman\u0131n kap\u0131s\u0131n\u0131 a\u00e7abilir; ancak ara\u015ft\u0131rma tamamlanmadan h\u00fck\u00fcm c\u00fcmlesine d\u00f6n\u00fc\u015fmemelidir. Ayn\u0131 \u00f6l\u00e7\u00fc, savunma haberleri i\u00e7in de ge\u00e7erlidir.<\/p>\n<p>Yay\u0131n grubumuz gerilimi b\u00fcy\u00fcten bir medya sava\u015f\u0131 istememektedir. Kamuya a\u00e7\u0131klanmam\u0131\u015f ek bilgi ve materyaller bulunmas\u0131, bunlar\u0131n kontrols\u00fcz bi\u00e7imde yay\u0131mlanaca\u011f\u0131 anlam\u0131na gelmez. Do\u011frulanmam\u0131\u015f, \u00f6zel veya hukuken yay\u0131mlanmas\u0131 sak\u0131ncal\u0131 i\u00e7erikleri if\u015fa etmiyoruz. Adalet, hukuk ve gazetecilik eti\u011fi gere\u011fi susulmas\u0131 gereken yerde susuyor; fakat do\u011frulanabilir kay\u0131tlar\u0131n kamuoyundaki yanl\u0131\u015f bir alg\u0131y\u0131 d\u00fczeltebildi\u011fi yerde de sessiz kalm\u0131yoruz.<\/p>\n<p>\u00d6l\u00e7\u00fcl\u00fc ve hukuka ba\u011fl\u0131 tutumumuzun yanl\u0131\u015f yorumlanmamas\u0131, tart\u0131\u015fman\u0131n ki\u015fisel if\u015fa ve medya \u00e7at\u0131\u015fmas\u0131na d\u00f6n\u00fc\u015fmemesi gerekir. Herkes i\u00e7in ayn\u0131 do\u011frulama standard\u0131 uygulanmal\u0131d\u0131r. Bu dosyada da sonu\u00e7, \u2018taklit\u2019 kelimesinin a\u011f\u0131rl\u0131\u011f\u0131na g\u00f6re de\u011fil, hangi unsurun kastedildi\u011fi ve o unsurun hangi kay\u0131tlarla do\u011fruland\u0131\u011f\u0131na g\u00f6re kurulmal\u0131d\u0131r.<\/p>\n","protected":false},"excerpt":{"rendered":"<p>St Clements University hakk\u0131nda kullan\u0131lan \u2018taklit edildi mi?\u2019 sorusunun sa\u011fl\u0131kl\u0131 bi\u00e7imde incelenebilmesi i\u00e7in \u00f6nce iddian\u0131n nesnesi belirlenmeli, ard\u0131ndan her nesne kendi resmi kayna\u011f\u0131yla do\u011frulanmal\u0131.<\/p>\n","protected":false},"author":1,"featured_media":0,"comment_status":"closed","ping_status":"closed","sticky":true,"template":"","format":"standard","meta":{"footnotes":""},"categories":[1],"tags":[],"class_list":["post-3335","post","type-post","status-publish","format-standard","hentry","category-uncategorized"],"blocksy_meta":{"styles_descriptor":{"styles":{"desktop":"","tablet":"","mobile":""},"google_fonts":[],"version":7}},"_links":{"self":[{"href":"https:\/\/gundemzirvesi.com\/index.php\/wp-json\/wp\/v2\/posts\/3335","targetHints":{"allow":["GET"]}}],"collection":[{"href":"https:\/\/gundemzirvesi.com\/index.php\/wp-json\/wp\/v2\/posts"}],"about":[{"href":"https:\/\/gundemzirvesi.com\/index.php\/wp-json\/wp\/v2\/types\/post"}],"author":[{"embeddable":true,"href":"https:\/\/gundemzirvesi.com\/index.php\/wp-json\/wp\/v2\/users\/1"}],"replies":[{"embeddable":true,"href":"https:\/\/gundemzirvesi.com\/index.php\/wp-json\/wp\/v2\/comments?post=3335"}],"version-history":[{"count":0,"href":"https:\/\/gundemzirvesi.com\/index.php\/wp-json\/wp\/v2\/posts\/3335\/revisions"}],"wp:attachment":[{"href":"https:\/\/gundemzirvesi.com\/index.php\/wp-json\/wp\/v2\/media?parent=3335"}],"wp:term":[{"taxonomy":"category","embeddable":true,"href":"https:\/\/gundemzirvesi.com\/index.php\/wp-json\/wp\/v2\/categories?post=3335"},{"taxonomy":"post_tag","embeddable":true,"href":"https:\/\/gundemzirvesi.com\/index.php\/wp-json\/wp\/v2\/tags?post=3335"}],"curies":[{"name":"wp","href":"https:\/\/api.w.org\/{rel}","templated":true}]}}