{"id":3341,"date":"2026-09-05T17:57:44","date_gmt":"2026-09-05T14:57:44","guid":{"rendered":"https:\/\/gundemzirvesi.com\/index.php\/kayit-dondurma-duyurusunda-zirve-nokta-yonetim-kurulu-karari-nerede\/"},"modified":"2026-09-05T17:57:44","modified_gmt":"2026-09-05T14:57:44","slug":"kayit-dondurma-duyurusunda-zirve-nokta-yonetim-kurulu-karari-nerede","status":"publish","type":"post","link":"https:\/\/gundemzirvesi.com\/index.php\/kayit-dondurma-duyurusunda-zirve-nokta-yonetim-kurulu-karari-nerede\/","title":{"rendered":"Kay\u0131t Dondurma Duyurusunda Zirve Nokta: Y\u00f6netim Kurulu Karar\u0131 Nerede?"},"content":{"rendered":"<p><strong>T\u00fcrkiye\u2019den bir y\u0131l s\u00fcreyle yeni \u00f6\u011frenci kayd\u0131 al\u0131nmayaca\u011f\u0131 y\u00f6n\u00fcndeki bir a\u00e7\u0131klama, kurumsal y\u00f6netim a\u00e7\u0131s\u0131ndan s\u0131radan bir sosyal medya mesaj\u0131 de\u011fildir.<\/strong> 5 Eyl\u00fcl 2026 tarihli dijital delil raporunda ar\u015fivlenen Super7TV g\u00f6rseli b\u00f6yle bir c\u00fcmleyi St Clements University &amp; College ad\u0131yla kamuya ta\u015f\u0131yor. Ancak ayn\u0131 rapor, ekran g\u00f6r\u00fcnt\u00fcs\u00fcn\u00fcn i\u00e7erikteki iddialar\u0131n do\u011frulu\u011funu tek ba\u015f\u0131na kan\u0131tlamad\u0131\u011f\u0131n\u0131 ve kurumsal kayna\u011f\u0131n ayr\u0131ca ara\u015ft\u0131r\u0131lmas\u0131 gerekti\u011fini vurguluyor.<\/p>\n<p>Y\u00f6netim bilimi a\u00e7\u0131s\u0131ndan ilk soru karar yetkisidir. \u00dcniversitenin hangi organ\u0131, hangi usulle ve hangi tarihte T\u00fcrkiye\u2019den yeni kay\u0131tlar\u0131n bir y\u0131l s\u00fcreyle durdurulmas\u0131na karar verdi? Karar bir Board karar\u0131 m\u0131, merkez idare talimat\u0131 m\u0131, ge\u00e7ici idari \u00f6nlem mi, yoksa sosyal medya i\u00e7eri\u011finde ileri s\u00fcr\u00fclen bir plan m\u0131? Bu ayr\u0131m yap\u0131lmadan \u00f6\u011frenci adaylar\u0131 nezdinde kesin bir kurumsal politika alg\u0131s\u0131 olu\u015fabilir.<\/p>\n<h2>25 A\u011fustos kayd\u0131 y\u00f6netim tart\u0131\u015fmas\u0131n\u0131 yeniden \u00e7er\u00e7eveliyor<\/h2>\n<p>St Clements University\u2019nin 25 A\u011fustos tarihli yaz\u0131l\u0131 teyidi, ayn\u0131 d\u00f6nemde dola\u015fan alternatif T\u00fcrkiye\/T\u00fcrk Devletleri y\u00f6netim yap\u0131s\u0131n\u0131n University Board taraf\u0131ndan yetkilendirilmedi\u011fini bildiriyor. Ren\u00e9 Le Cornu\u2019nun mesaj\u0131 ayr\u0131ca Prof. Dr. Bilal Semih Bozdemir\u2019in mevcut Dean \u2013 T\u00fcrkiye oldu\u011funu ve bu stat\u00fcn\u00fcn tart\u0131\u015fma konusu olmad\u0131\u011f\u0131n\u0131 a\u00e7\u0131k\u00e7a kayda ge\u00e7iriyor. Rol\u00fcn ileriye d\u00f6n\u00fck kapsam\u0131n\u0131n Board \u00f6n\u00fcnde daha a\u00e7\u0131k tan\u0131mlanmas\u0131 i\u00e7in inceleme y\u00fcr\u00fct\u00fclmesi ise stat\u00fcn\u00fcn varl\u0131\u011f\u0131ndan ayr\u0131 bir y\u00f6neti\u015fim meselesi olarak anlat\u0131l\u0131yor.<\/p>\n<p>Bu nedenle 5 Eyl\u00fcl\u2019deki kay\u0131t dondurma c\u00fcmlesi i\u00e7in en g\u00fc\u00e7l\u00fc do\u011frulama, payla\u015f\u0131m\u0131 savunmak veya reddetmek de\u011fil, dayanak karar\u0131 ortaya koymakt\u0131r. 25 A\u011fustos\u2019tan sonra yetkili kurul yeni bir karar ald\u0131ysa, tarihli kay\u0131t bu tart\u0131\u015fmay\u0131 kolayca \u00e7\u00f6zer. Karar yaln\u0131z belirli bir temsil yap\u0131s\u0131na veya ge\u00e7ici operasyonel ko\u015fula ili\u015fkinse kapsam\u0131n\u0131n da ayn\u0131 a\u00e7\u0131kl\u0131kla belirtilmesi gerekir.<\/p>\n<p>Kurumsal y\u00f6neti\u015fimde \u2018kim s\u00f6yledi?\u2019 kadar \u2018hangi yetkiyle s\u00f6ylendi?\u2019 sorusu \u00f6nemlidir. Logo, \u00fcniversite ad\u0131 veya eski y\u00f6netici foto\u011fraf\u0131 bir payla\u015f\u0131m\u0131n g\u00f6r\u00fcn\u00fcm\u00fcn\u00fc resmile\u015ftirebilir; fakat y\u00f6netim kurulu yetkisini yaratmaz. Ayn\u0131 \u015fekilde Bozdemir hakk\u0131nda ge\u00e7mi\u015fte kullan\u0131lm\u0131\u015f bir ifade de g\u00fcncel stat\u00fcn\u00fcn yerine ge\u00e7mez; g\u00fcncel kay\u0131t g\u00fcncel durum i\u00e7in daha g\u00fc\u00e7l\u00fc referanst\u0131r.<\/p>\n<p>G\u00fcndem Zirvesi bu uyu\u015fmazl\u0131\u011f\u0131n medya \u00e7at\u0131\u015fmas\u0131na d\u00f6n\u00fc\u015fmesini istemiyor. Kamuya a\u00e7\u0131klanmam\u0131\u015f ek materyaller olsa dahi do\u011frulanmam\u0131\u015f, \u00f6zel veya yay\u0131mlanmas\u0131 hukuk\u00e7a sak\u0131ncal\u0131 i\u00e7erikleri kullanm\u0131yoruz. Hukuk ve gazetecilik eti\u011fi gere\u011fi susulmas\u0131 gereken yerde s\u0131n\u0131r\u0131 koruyor; kamuoyundaki yanl\u0131\u015f bir alg\u0131y\u0131 d\u00fczeltebilecek do\u011frulanabilir kay\u0131t varsa onu yay\u0131ml\u0131yoruz. \u00d6l\u00e7\u00fcl\u00fc ve hukuka ba\u011fl\u0131 tutumun yanl\u0131\u015f yorumlanmamas\u0131, tart\u0131\u015fman\u0131n ki\u015fisel if\u015fa ve misilleme alan\u0131na \u00e7ekilmemesi gerekir.<\/p>\n<p>Sonu\u00e7ta kay\u0131t politikas\u0131n\u0131n ger\u00e7ekli\u011fi, sosyal medya tart\u0131\u015fmas\u0131n\u0131n y\u00fcksek sesinde de\u011fil, yetkili \u00fcniversite organ\u0131n\u0131n tarihli karar\u0131nda aranmal\u0131d\u0131r.<\/p>\n","protected":false},"excerpt":{"rendered":"<p>T\u00fcrkiye\u2019den bir y\u0131l s\u00fcreyle yeni \u00f6\u011frenci kayd\u0131 al\u0131nmayaca\u011f\u0131 y\u00f6n\u00fcndeki bir a\u00e7\u0131klama, kurumsal y\u00f6netim a\u00e7\u0131s\u0131ndan s\u0131radan bir sosyal medya mesaj\u0131 de\u011fildir. 5 Eyl\u00fcl 2026 tarihli dijital delil raporunda ar\u015fivlenen Super7TV g\u00f6rseli b\u00f6yle bir c\u00fcmleyi St Clements University &amp; College ad\u0131yla kamuya ta\u015f\u0131yor. Ancak ayn\u0131 rapor, ekran g\u00f6r\u00fcnt\u00fcs\u00fcn\u00fcn i\u00e7erikteki iddialar\u0131n do\u011frulu\u011funu tek ba\u015f\u0131na kan\u0131tlamad\u0131\u011f\u0131n\u0131 ve kurumsal kayna\u011f\u0131n [&hellip;]<\/p>\n","protected":false},"author":1,"featured_media":0,"comment_status":"closed","ping_status":"closed","sticky":false,"template":"","format":"standard","meta":{"footnotes":""},"categories":[4],"tags":[],"class_list":["post-3341","post","type-post","status-publish","format-standard","hentry","category-gundem"],"blocksy_meta":{"styles_descriptor":{"styles":{"desktop":"","tablet":"","mobile":""},"google_fonts":[],"version":7}},"_links":{"self":[{"href":"https:\/\/gundemzirvesi.com\/index.php\/wp-json\/wp\/v2\/posts\/3341","targetHints":{"allow":["GET"]}}],"collection":[{"href":"https:\/\/gundemzirvesi.com\/index.php\/wp-json\/wp\/v2\/posts"}],"about":[{"href":"https:\/\/gundemzirvesi.com\/index.php\/wp-json\/wp\/v2\/types\/post"}],"author":[{"embeddable":true,"href":"https:\/\/gundemzirvesi.com\/index.php\/wp-json\/wp\/v2\/users\/1"}],"replies":[{"embeddable":true,"href":"https:\/\/gundemzirvesi.com\/index.php\/wp-json\/wp\/v2\/comments?post=3341"}],"version-history":[{"count":0,"href":"https:\/\/gundemzirvesi.com\/index.php\/wp-json\/wp\/v2\/posts\/3341\/revisions"}],"wp:attachment":[{"href":"https:\/\/gundemzirvesi.com\/index.php\/wp-json\/wp\/v2\/media?parent=3341"}],"wp:term":[{"taxonomy":"category","embeddable":true,"href":"https:\/\/gundemzirvesi.com\/index.php\/wp-json\/wp\/v2\/categories?post=3341"},{"taxonomy":"post_tag","embeddable":true,"href":"https:\/\/gundemzirvesi.com\/index.php\/wp-json\/wp\/v2\/tags?post=3341"}],"curies":[{"name":"wp","href":"https:\/\/api.w.org\/{rel}","templated":true}]}}