{"id":3347,"date":"2026-09-05T19:59:13","date_gmt":"2026-09-05T16:59:13","guid":{"rendered":"https:\/\/gundemzirvesi.com\/index.php\/kahramanmarasta-okul-saldirisi-davasinda-sanik-anne-yeniden-tutuklandi\/"},"modified":"2026-09-05T19:59:13","modified_gmt":"2026-09-05T16:59:13","slug":"kahramanmarasta-okul-saldirisi-davasinda-sanik-anne-yeniden-tutuklandi","status":"publish","type":"post","link":"https:\/\/gundemzirvesi.com\/index.php\/kahramanmarasta-okul-saldirisi-davasinda-sanik-anne-yeniden-tutuklandi\/","title":{"rendered":"Kahramanmara\u015f&#039;ta okul sald\u0131r\u0131s\u0131 davas\u0131nda san\u0131k anne yeniden tutukland\u0131"},"content":{"rendered":"<p>Kahramanmara\u015f&#039;ta 1 \u00f6\u011fretmen ile 9 \u00f6\u011frencinin hayat\u0131n\u0131 kaybetti\u011fi, 15 \u00f6\u011frencinin yaraland\u0131\u011f\u0131 okul sald\u0131r\u0131s\u0131na ili\u015fkin davada tahliye edilen san\u0131k Peyman P\u0131nar Mersinli, savc\u0131l\u0131\u011f\u0131n itiraz\u0131 \u00fczerine yeniden tutukland\u0131.<\/p>\n<p><strong>Kaynak:<\/strong> TRT Haber \u2014 <a href=\"https:\/\/www.trthaber.com\/haber\/turkiye\/kahramanmarasta-okul-saldirisi-davasinda-sanik-anne-yeniden-tutuklandi-955998.html\" target=\"_blank\" rel=\"nofollow noopener\">Haberin devam\u0131n\u0131 \u00f6zg\u00fcn kayna\u011f\u0131nda oku<\/a><\/p>\n","protected":false},"excerpt":{"rendered":"<p>Kahramanmara\u015f&#8217;ta 1 \u00f6\u011fretmen ile 9 \u00f6\u011frencinin hayat\u0131n\u0131 kaybetti\u011fi, 15 \u00f6\u011frencinin yaraland\u0131\u011f\u0131 okul sald\u0131r\u0131s\u0131na ili\u015fkin davada tahliye edilen san\u0131k Peyman P\u0131nar Mersinli, savc\u0131l\u0131\u011f\u0131n itiraz\u0131 \u00fczerine yeniden tutukland\u0131.<\/p>\n","protected":false},"author":1,"featured_media":3348,"comment_status":"closed","ping_status":"closed","sticky":false,"template":"","format":"standard","meta":{"footnotes":""},"categories":[47,50,5],"tags":[],"class_list":["post-3347","post","type-post","status-publish","format-standard","has-post-thumbnail","hentry","category-egitim","category-kadin-aile","category-turkiye"],"blocksy_meta":{"styles_descriptor":{"styles":{"desktop":"","tablet":"","mobile":""},"google_fonts":[],"version":7}},"_links":{"self":[{"href":"https:\/\/gundemzirvesi.com\/index.php\/wp-json\/wp\/v2\/posts\/3347","targetHints":{"allow":["GET"]}}],"collection":[{"href":"https:\/\/gundemzirvesi.com\/index.php\/wp-json\/wp\/v2\/posts"}],"about":[{"href":"https:\/\/gundemzirvesi.com\/index.php\/wp-json\/wp\/v2\/types\/post"}],"author":[{"embeddable":true,"href":"https:\/\/gundemzirvesi.com\/index.php\/wp-json\/wp\/v2\/users\/1"}],"replies":[{"embeddable":true,"href":"https:\/\/gundemzirvesi.com\/index.php\/wp-json\/wp\/v2\/comments?post=3347"}],"version-history":[{"count":0,"href":"https:\/\/gundemzirvesi.com\/index.php\/wp-json\/wp\/v2\/posts\/3347\/revisions"}],"wp:featuredmedia":[{"embeddable":true,"href":"https:\/\/gundemzirvesi.com\/index.php\/wp-json\/wp\/v2\/media\/3348"}],"wp:attachment":[{"href":"https:\/\/gundemzirvesi.com\/index.php\/wp-json\/wp\/v2\/media?parent=3347"}],"wp:term":[{"taxonomy":"category","embeddable":true,"href":"https:\/\/gundemzirvesi.com\/index.php\/wp-json\/wp\/v2\/categories?post=3347"},{"taxonomy":"post_tag","embeddable":true,"href":"https:\/\/gundemzirvesi.com\/index.php\/wp-json\/wp\/v2\/tags?post=3347"}],"curies":[{"name":"wp","href":"https:\/\/api.w.org\/{rel}","templated":true}]}}