{"id":3361,"date":"2026-09-05T20:56:49","date_gmt":"2026-09-05T17:56:49","guid":{"rendered":"https:\/\/gundemzirvesi.com\/index.php\/erdogan-imam-hatipler-basari-citasini-surekli-daha-yuksege-tasiyor\/"},"modified":"2026-09-05T20:56:49","modified_gmt":"2026-09-05T17:56:49","slug":"erdogan-imam-hatipler-basari-citasini-surekli-daha-yuksege-tasiyor","status":"publish","type":"post","link":"https:\/\/gundemzirvesi.com\/index.php\/erdogan-imam-hatipler-basari-citasini-surekli-daha-yuksege-tasiyor\/","title":{"rendered":"Erdo\u011fan: \u0130mam hatipler ba\u015far\u0131 \u00e7\u0131tas\u0131n\u0131 s\u00fcrekli daha y\u00fckse\u011fe ta\u015f\u0131yor"},"content":{"rendered":"<p>Cumhurba\u015fkan\u0131 Recep Tayyip Erdo\u011fan, &quot;Milletimizin kurdu\u011fu, ya\u015fatt\u0131\u011f\u0131 ve bu g\u00fcnlere getirdi\u011fi \u0130mam Hatipler, ba\u015far\u0131 \u00e7\u0131tas\u0131n\u0131 s\u00fcrekli daha y\u00fckse\u011fe ta\u015f\u0131yarak yoluna devam ediyor.&quot; dedi.<\/p>\n<p><strong>Kaynak:<\/strong> TRT Haber \u2014 <a href=\"https:\/\/www.trthaber.com\/haber\/gundem\/erdogan-imam-hatipler-basari-citasini-surekli-daha-yuksege-tasiyor-955977.html\" target=\"_blank\" rel=\"nofollow noopener\">Haberin devam\u0131n\u0131 \u00f6zg\u00fcn kayna\u011f\u0131nda oku<\/a><\/p>\n","protected":false},"excerpt":{"rendered":"<p>Cumhurba\u015fkan\u0131 Recep Tayyip Erdo\u011fan, &#8220;Milletimizin kurdu\u011fu, ya\u015fatt\u0131\u011f\u0131 ve bu g\u00fcnlere getirdi\u011fi \u0130mam Hatipler, ba\u015far\u0131 \u00e7\u0131tas\u0131n\u0131 s\u00fcrekli daha y\u00fckse\u011fe ta\u015f\u0131yarak yoluna devam ediyor.&#8221; dedi.<\/p>\n","protected":false},"author":1,"featured_media":3362,"comment_status":"closed","ping_status":"closed","sticky":false,"template":"","format":"standard","meta":{"footnotes":""},"categories":[4,42,27,14],"tags":[],"class_list":["post-3361","post","type-post","status-publish","format-standard","has-post-thumbnail","hentry","category-gundem","category-halk-sagligi","category-piyasalar","category-siyaset"],"blocksy_meta":{"styles_descriptor":{"styles":{"desktop":"","tablet":"","mobile":""},"google_fonts":[],"version":7}},"_links":{"self":[{"href":"https:\/\/gundemzirvesi.com\/index.php\/wp-json\/wp\/v2\/posts\/3361","targetHints":{"allow":["GET"]}}],"collection":[{"href":"https:\/\/gundemzirvesi.com\/index.php\/wp-json\/wp\/v2\/posts"}],"about":[{"href":"https:\/\/gundemzirvesi.com\/index.php\/wp-json\/wp\/v2\/types\/post"}],"author":[{"embeddable":true,"href":"https:\/\/gundemzirvesi.com\/index.php\/wp-json\/wp\/v2\/users\/1"}],"replies":[{"embeddable":true,"href":"https:\/\/gundemzirvesi.com\/index.php\/wp-json\/wp\/v2\/comments?post=3361"}],"version-history":[{"count":0,"href":"https:\/\/gundemzirvesi.com\/index.php\/wp-json\/wp\/v2\/posts\/3361\/revisions"}],"wp:featuredmedia":[{"embeddable":true,"href":"https:\/\/gundemzirvesi.com\/index.php\/wp-json\/wp\/v2\/media\/3362"}],"wp:attachment":[{"href":"https:\/\/gundemzirvesi.com\/index.php\/wp-json\/wp\/v2\/media?parent=3361"}],"wp:term":[{"taxonomy":"category","embeddable":true,"href":"https:\/\/gundemzirvesi.com\/index.php\/wp-json\/wp\/v2\/categories?post=3361"},{"taxonomy":"post_tag","embeddable":true,"href":"https:\/\/gundemzirvesi.com\/index.php\/wp-json\/wp\/v2\/tags?post=3361"}],"curies":[{"name":"wp","href":"https:\/\/api.w.org\/{rel}","templated":true}]}}