{"id":3385,"date":"2026-09-05T22:55:55","date_gmt":"2026-09-05T19:55:55","guid":{"rendered":"https:\/\/gundemzirvesi.com\/index.php\/kirmizi-bultenle-aranan-supheli-kaldigi-otelde-yakalandi\/"},"modified":"2026-09-05T22:55:55","modified_gmt":"2026-09-05T19:55:55","slug":"kirmizi-bultenle-aranan-supheli-kaldigi-otelde-yakalandi","status":"publish","type":"post","link":"https:\/\/gundemzirvesi.com\/index.php\/kirmizi-bultenle-aranan-supheli-kaldigi-otelde-yakalandi\/","title":{"rendered":"K\u0131rm\u0131z\u0131 b\u00fcltenle aranan \u015f\u00fcpheli, kald\u0131\u011f\u0131 otelde yakaland\u0131"},"content":{"rendered":"<p>Antalya&#039;n\u0131n Serik il\u00e7esinde d\u00fczenlenen operasyonda, Ukrayna adli makamlar\u0131nca &quot;su\u00e7 \u00f6rg\u00fct\u00fc \u00fcyeli\u011fi&quot;, &quot;uyu\u015fturucu ve para aklama&quot; gibi su\u00e7lardan Uluslararas\u0131 Kriminal Polis Te\u015fkilat\u0131 (Interpol) taraf\u0131ndan k\u0131rm\u0131z\u0131 b\u00fcltenle aranan zanl\u0131 yakaland\u0131.<\/p>\n<p><strong>Kaynak:<\/strong> TRT Haber \u2014 <a href=\"https:\/\/www.trthaber.com\/haber\/turkiye\/kirmizi-bultenle-aranan-supheli-kaldigi-otelde-yakalandi-955984.html\" target=\"_blank\" rel=\"nofollow noopener\">Haberin devam\u0131n\u0131 \u00f6zg\u00fcn kayna\u011f\u0131nda oku<\/a><\/p>\n","protected":false},"excerpt":{"rendered":"<p>Antalya&#8217;n\u0131n Serik il\u00e7esinde d\u00fczenlenen operasyonda, Ukrayna adli makamlar\u0131nca &#8220;su\u00e7 \u00f6rg\u00fct\u00fc \u00fcyeli\u011fi&#8221;, &#8220;uyu\u015fturucu ve para aklama&#8221; gibi su\u00e7lardan Uluslararas\u0131 Kriminal Polis Te\u015fkilat\u0131 (Interpol) taraf\u0131ndan k\u0131rm\u0131z\u0131 b\u00fcltenle aranan zanl\u0131 yakaland\u0131.<\/p>\n","protected":false},"author":1,"featured_media":3386,"comment_status":"closed","ping_status":"closed","sticky":false,"template":"","format":"standard","meta":{"footnotes":""},"categories":[23,49,16,5],"tags":[],"class_list":["post-3385","post","type-post","status-publish","format-standard","has-post-thumbnail","hentry","category-avrupa","category-gezi-turizm","category-guvenlik","category-turkiye"],"blocksy_meta":{"styles_descriptor":{"styles":{"desktop":"","tablet":"","mobile":""},"google_fonts":[],"version":7}},"_links":{"self":[{"href":"https:\/\/gundemzirvesi.com\/index.php\/wp-json\/wp\/v2\/posts\/3385","targetHints":{"allow":["GET"]}}],"collection":[{"href":"https:\/\/gundemzirvesi.com\/index.php\/wp-json\/wp\/v2\/posts"}],"about":[{"href":"https:\/\/gundemzirvesi.com\/index.php\/wp-json\/wp\/v2\/types\/post"}],"author":[{"embeddable":true,"href":"https:\/\/gundemzirvesi.com\/index.php\/wp-json\/wp\/v2\/users\/1"}],"replies":[{"embeddable":true,"href":"https:\/\/gundemzirvesi.com\/index.php\/wp-json\/wp\/v2\/comments?post=3385"}],"version-history":[{"count":0,"href":"https:\/\/gundemzirvesi.com\/index.php\/wp-json\/wp\/v2\/posts\/3385\/revisions"}],"wp:featuredmedia":[{"embeddable":true,"href":"https:\/\/gundemzirvesi.com\/index.php\/wp-json\/wp\/v2\/media\/3386"}],"wp:attachment":[{"href":"https:\/\/gundemzirvesi.com\/index.php\/wp-json\/wp\/v2\/media?parent=3385"}],"wp:term":[{"taxonomy":"category","embeddable":true,"href":"https:\/\/gundemzirvesi.com\/index.php\/wp-json\/wp\/v2\/categories?post=3385"},{"taxonomy":"post_tag","embeddable":true,"href":"https:\/\/gundemzirvesi.com\/index.php\/wp-json\/wp\/v2\/tags?post=3385"}],"curies":[{"name":"wp","href":"https:\/\/api.w.org\/{rel}","templated":true}]}}