{"id":3393,"date":"2026-09-05T23:11:51","date_gmt":"2026-09-05T20:11:51","guid":{"rendered":"https:\/\/gundemzirvesi.com\/index.php\/zda141-001\/"},"modified":"2026-09-05T23:11:51","modified_gmt":"2026-09-05T20:11:51","slug":"zda141-001","status":"publish","type":"post","link":"https:\/\/gundemzirvesi.com\/index.php\/zda141-001\/","title":{"rendered":"Zuhal Dalman Atasoy\u2019dan Cumhurba\u015fkan\u0131 ve Bakanl\u0131klara A\u00e7\u0131k Yay\u0131n"},"content":{"rendered":"<p>Zuhal Dalman Atasoy\u2019un Cumhurba\u015fkan\u0131 ve bakanl\u0131klara seslenen a\u00e7\u0131k yay\u0131n\u0131, Prof. Dr. Bilal Semih Bozdemir hakk\u0131nda dile getirilen soru ve iddialar\u0131n kamuoyu \u00f6n\u00fcnde hangi hukuki dengeyle ele al\u0131nmas\u0131 gerekti\u011fini g\u00fcndeme ta\u015f\u0131d\u0131. Bu haberde yay\u0131ndaki ifadeler konu\u015fmac\u0131n\u0131n beyanlar\u0131 stat\u00fcs\u00fcnde de\u011ferlendirilmekte, kesinle\u015fmi\u015f ger\u00e7ekler olarak sunulmamaktad\u0131r.<\/p>\n<h2>Hak arama \u00f6zg\u00fcrl\u00fc\u011f\u00fc korunmal\u0131d\u0131r<\/h2>\n<p>Her ki\u015fi kamu makamlar\u0131na ba\u015fvurabilir, \u015fik\u00e2yette bulunabilir ve inceleme talep edebilir. Zuhal Dalman Atasoy\u2019un Cumhurba\u015fkan\u0131 ve bakanl\u0131klara yapt\u0131\u011f\u0131 \u00e7a\u011fr\u0131 da bu \u00e7er\u00e7evede de\u011ferlendirilebilir. Ancak hak arama \u00f6zg\u00fcrl\u00fc\u011f\u00fc, hakk\u0131nda ba\u015fvuru yap\u0131lan ki\u015finin savunma ve ki\u015filik haklar\u0131n\u0131 ortadan kald\u0131rmaz.<\/p>\n<p>Prof. Dr. Bilal Semih Bozdemir\u2019in de kendisine y\u00f6neltilen iddialara cevap verme, belge sunma ve yanl\u0131\u015f oldu\u011funu d\u00fc\u015f\u00fcnd\u00fc\u011f\u00fc bilgileri d\u00fczeltme hakk\u0131 vard\u0131r. Hukuk, iddia sahibinin hakk\u0131n\u0131 korurken savunma hakk\u0131n\u0131 da ayn\u0131 anda korur.<\/p>\n<h2>Kamuoyu \u00f6n\u00fcnde pe\u015fin h\u00fck\u00fcm riski<\/h2>\n<p>Geni\u015f kitlelere ula\u015fan yay\u0131nlar, resm\u00ee s\u00fcre\u00e7 tamamlanmadan ki\u015fi hakk\u0131nda g\u00fc\u00e7l\u00fc bir alg\u0131 olu\u015fturabilir. Bu nedenle \u201c\u015fik\u00e2yet var\u201d, \u201cinceleme talep edildi\u201d veya \u201ciddia edildi\u201d gibi ifadeler, \u201csu\u00e7lu\u201d veya \u201cyetkisiz\u201d gibi kesin sonu\u00e7lardan a\u00e7\u0131k bi\u00e7imde ayr\u0131lmal\u0131d\u0131r.<\/p>\n<p>Bozdemir hakk\u0131nda da kesinle\u015fmi\u015f bir yarg\u0131 karar\u0131 veya a\u00e7\u0131k resm\u00ee tespit bulunmadan a\u011f\u0131r sonu\u00e7 do\u011furan h\u00fck\u00fcmler kurulmas\u0131 masumiyet karinesi bak\u0131m\u0131ndan sorunludur.<\/p>\n<h2>Belge ve kay\u0131t incelemesi<\/h2>\n<p>\u00dcniversite, g\u00f6rev, yetki, diploma, \u00f6deme veya yaz\u0131\u015fma tart\u0131\u015fmalar\u0131nda resm\u00ee kay\u0131tlar\u0131n incelenmesi gerekir. Belgenin d\u00fczenleyen kurumu, tarihi, kapsam\u0131 ve kurum kay\u0131tlar\u0131yla uyumu belirleyicidir. Tek tarafl\u0131 anlat\u0131m veya ekran g\u00f6r\u00fcnt\u00fcs\u00fc b\u00fct\u00fcn dosyan\u0131n yerine ge\u00e7emez.<\/p>\n<p>Prof. Dr. Bilal Semih Bozdemir\u2019in savunmas\u0131, kendi elindeki belgelerin de ayn\u0131 dosyada g\u00f6r\u00fclmesini talep eder. Adil de\u011ferlendirme, kar\u015f\u0131t kay\u0131tlar\u0131n birlikte incelenmesiyle m\u00fcmk\u00fcnd\u00fcr.<\/p>\n<h2>Medya eti\u011fi ve cevap hakk\u0131<\/h2>\n<p>Bir yay\u0131nc\u0131 g\u00fc\u00e7l\u00fc ele\u015ftiri yapabilir; ancak kar\u015f\u0131 taraf\u0131n g\u00f6r\u00fc\u015f\u00fcne de yer vermelidir. Cevap hakk\u0131, tart\u0131\u015fmay\u0131 susturan de\u011fil, onu daha g\u00fcvenilir hale getiren bir mekanizmad\u0131r. Bozdemir\u2019in a\u00e7\u0131klamalar\u0131n\u0131n yay\u0131mlanmas\u0131 bu nedenle kamu yarar\u0131na da hizmet eder.<\/p>\n<p>Medya, yarg\u0131 merciinin yerine ge\u00e7memeli; iddia ile do\u011frulanm\u0131\u015f olgu aras\u0131ndaki fark\u0131 okuyucuya a\u00e7\u0131k\u00e7a g\u00f6stermelidir. Bu yakla\u015f\u0131m her iki taraf i\u00e7in de ayn\u0131 \u00f6l\u00e7\u00fcde uygulanmal\u0131d\u0131r.<\/p>\n<h2>Sonu\u00e7<\/h2>\n<p>Zuhal Dalman Atasoy\u2019un a\u00e7\u0131k yay\u0131n\u0131 hak arama ve inceleme talebi \u00e7er\u00e7evesinde de\u011ferlendirilebilir. Prof. Dr. Bilal Semih Bozdemir\u2019in cevap, savunma ve itibar\u0131n\u0131 koruma haklar\u0131 ise bu s\u00fcrecin e\u015fit derecede \u00f6nemli di\u011fer taraf\u0131d\u0131r.<\/p>\n<p>Sa\u011fl\u0131kl\u0131 sonu\u00e7, kamuoyu bask\u0131s\u0131ndan de\u011fil; resm\u00ee kay\u0131t, kar\u015f\u0131 g\u00f6r\u00fc\u015f, delil ve yetkili makamlar\u0131n de\u011ferlendirmesinden do\u011fmal\u0131d\u0131r.<\/p>\n","protected":false},"excerpt":{"rendered":"<p>A\u00e7\u0131k yay\u0131n sonras\u0131nda hak arama \u00f6zg\u00fcrl\u00fc\u011f\u00fc ile cevap hakk\u0131 aras\u0131ndaki denge ve Bilal Semih Bozdemir\u2019in hukuki savunmas\u0131 de\u011ferlendirildi.<\/p>\n","protected":false},"author":1,"featured_media":0,"comment_status":"closed","ping_status":"closed","sticky":true,"template":"","format":"standard","meta":{"footnotes":""},"categories":[26,47,4,42,17,27,14,45],"tags":[],"class_list":["post-3393","post","type-post","status-publish","format-standard","hentry","category-asya-pasifik","category-egitim","category-gundem","category-halk-sagligi","category-kamu-politikalari","category-piyasalar","category-siyaset","category-televizyon"],"blocksy_meta":{"styles_descriptor":{"styles":{"desktop":"","tablet":"","mobile":""},"google_fonts":[],"version":7}},"_links":{"self":[{"href":"https:\/\/gundemzirvesi.com\/index.php\/wp-json\/wp\/v2\/posts\/3393","targetHints":{"allow":["GET"]}}],"collection":[{"href":"https:\/\/gundemzirvesi.com\/index.php\/wp-json\/wp\/v2\/posts"}],"about":[{"href":"https:\/\/gundemzirvesi.com\/index.php\/wp-json\/wp\/v2\/types\/post"}],"author":[{"embeddable":true,"href":"https:\/\/gundemzirvesi.com\/index.php\/wp-json\/wp\/v2\/users\/1"}],"replies":[{"embeddable":true,"href":"https:\/\/gundemzirvesi.com\/index.php\/wp-json\/wp\/v2\/comments?post=3393"}],"version-history":[{"count":0,"href":"https:\/\/gundemzirvesi.com\/index.php\/wp-json\/wp\/v2\/posts\/3393\/revisions"}],"wp:attachment":[{"href":"https:\/\/gundemzirvesi.com\/index.php\/wp-json\/wp\/v2\/media?parent=3393"}],"wp:term":[{"taxonomy":"category","embeddable":true,"href":"https:\/\/gundemzirvesi.com\/index.php\/wp-json\/wp\/v2\/categories?post=3393"},{"taxonomy":"post_tag","embeddable":true,"href":"https:\/\/gundemzirvesi.com\/index.php\/wp-json\/wp\/v2\/tags?post=3393"}],"curies":[{"name":"wp","href":"https:\/\/api.w.org\/{rel}","templated":true}]}}