{"id":3411,"date":"2026-09-06T00:55:08","date_gmt":"2026-09-05T21:55:08","guid":{"rendered":"https:\/\/gundemzirvesi.com\/index.php\/ukrayna-rus-hava-sahasina-yonelik-operasyonumuzu-duruma-gore-uyarlayarak-gelecek-hafta-yeniden-yapacagiz\/"},"modified":"2026-09-06T00:55:08","modified_gmt":"2026-09-05T21:55:08","slug":"ukrayna-rus-hava-sahasina-yonelik-operasyonumuzu-duruma-gore-uyarlayarak-gelecek-hafta-yeniden-yapacagiz","status":"publish","type":"post","link":"https:\/\/gundemzirvesi.com\/index.php\/ukrayna-rus-hava-sahasina-yonelik-operasyonumuzu-duruma-gore-uyarlayarak-gelecek-hafta-yeniden-yapacagiz\/","title":{"rendered":"Ukrayna: Rus hava sahas\u0131na y\u00f6nelik operasyonumuzu duruma g\u00f6re uyarlayarak gelecek hafta yeniden yapaca\u011f\u0131z"},"content":{"rendered":"<p>Ukrayna Devlet Ba\u015fkan\u0131 Volodimir Zelenski, Rusya&#039;n\u0131n Kiev ve Borispol havalimanlar\u0131na d\u00fczenledi\u011fi sald\u0131r\u0131lara kar\u015f\u0131l\u0131k olarak Rus hava sahas\u0131na y\u00f6nelik operasyonlar\u0131n\u0131 duruma g\u00f6re uyarlayarak gelecek hafta yeniden yapacaklar\u0131n\u0131 bildirdi.<\/p>\n<p><strong>Kaynak:<\/strong> TRT Haber \u2014 <a href=\"https:\/\/www.trthaber.com\/haber\/dunya\/ukrayna-rus-hava-sahasina-yonelik-operasyonumuzu-duruma-gore-uyarlayarak-gelecek-hafta-yeniden-yapacagiz-955982.html\" target=\"_blank\" rel=\"nofollow noopener\">Haberin devam\u0131n\u0131 \u00f6zg\u00fcn kayna\u011f\u0131nda oku<\/a><\/p>\n","protected":false},"excerpt":{"rendered":"<p>Ukrayna Devlet Ba\u015fkan\u0131 Volodimir Zelenski, Rusya&#8217;n\u0131n Kiev ve Borispol havalimanlar\u0131na d\u00fczenledi\u011fi sald\u0131r\u0131lara kar\u015f\u0131l\u0131k olarak Rus hava sahas\u0131na y\u00f6nelik operasyonlar\u0131n\u0131 duruma g\u00f6re uyarlayarak gelecek hafta yeniden yapacaklar\u0131n\u0131 bildirdi.<\/p>\n","protected":false},"author":1,"featured_media":3413,"comment_status":"closed","ping_status":"closed","sticky":false,"template":"","format":"standard","meta":{"footnotes":""},"categories":[23,6,16],"tags":[],"class_list":["post-3411","post","type-post","status-publish","format-standard","has-post-thumbnail","hentry","category-avrupa","category-dunya","category-guvenlik"],"blocksy_meta":{"styles_descriptor":{"styles":{"desktop":"","tablet":"","mobile":""},"google_fonts":[],"version":7}},"_links":{"self":[{"href":"https:\/\/gundemzirvesi.com\/index.php\/wp-json\/wp\/v2\/posts\/3411","targetHints":{"allow":["GET"]}}],"collection":[{"href":"https:\/\/gundemzirvesi.com\/index.php\/wp-json\/wp\/v2\/posts"}],"about":[{"href":"https:\/\/gundemzirvesi.com\/index.php\/wp-json\/wp\/v2\/types\/post"}],"author":[{"embeddable":true,"href":"https:\/\/gundemzirvesi.com\/index.php\/wp-json\/wp\/v2\/users\/1"}],"replies":[{"embeddable":true,"href":"https:\/\/gundemzirvesi.com\/index.php\/wp-json\/wp\/v2\/comments?post=3411"}],"version-history":[{"count":0,"href":"https:\/\/gundemzirvesi.com\/index.php\/wp-json\/wp\/v2\/posts\/3411\/revisions"}],"wp:featuredmedia":[{"embeddable":true,"href":"https:\/\/gundemzirvesi.com\/index.php\/wp-json\/wp\/v2\/media\/3413"}],"wp:attachment":[{"href":"https:\/\/gundemzirvesi.com\/index.php\/wp-json\/wp\/v2\/media?parent=3411"}],"wp:term":[{"taxonomy":"category","embeddable":true,"href":"https:\/\/gundemzirvesi.com\/index.php\/wp-json\/wp\/v2\/categories?post=3411"},{"taxonomy":"post_tag","embeddable":true,"href":"https:\/\/gundemzirvesi.com\/index.php\/wp-json\/wp\/v2\/tags?post=3411"}],"curies":[{"name":"wp","href":"https:\/\/api.w.org\/{rel}","templated":true}]}}