{"id":3451,"date":"2026-09-06T08:56:10","date_gmt":"2026-09-06T05:56:10","guid":{"rendered":"https:\/\/gundemzirvesi.com\/index.php\/bakan-gurlek-savunma-hakki-hukuk-sistemimizin-en-guclu-ve-en-degerli-unsurlarindan-biridir\/"},"modified":"2026-09-06T08:56:10","modified_gmt":"2026-09-06T05:56:10","slug":"bakan-gurlek-savunma-hakki-hukuk-sistemimizin-en-guclu-ve-en-degerli-unsurlarindan-biridir","status":"publish","type":"post","link":"https:\/\/gundemzirvesi.com\/index.php\/bakan-gurlek-savunma-hakki-hukuk-sistemimizin-en-guclu-ve-en-degerli-unsurlarindan-biridir\/","title":{"rendered":"Bakan G\u00fcrlek: Savunma hakk\u0131, hukuk sistemimizin en g\u00fc\u00e7l\u00fc ve en de\u011ferli unsurlar\u0131ndan biridir"},"content":{"rendered":"<p>Adalet Bakan\u0131 Ak\u0131n G\u00fcrlek, &quot;G\u00fc\u00e7l\u00fc T\u00fcrkiye&#039;ye giden yolda, &#039;Adaletin Y\u00fczy\u0131l\u0131&#039;na a\u00e7\u0131lan kap\u0131da, sivil anayasan\u0131n in\u015fa edilmesi konusunda kararl\u0131l\u0131kla y\u00fcr\u00fcmeye devam edece\u011fiz. G\u00fc\u00e7l\u00fc hukuk d\u00fczeninin tesis edilmesinde, avukatl\u0131k mesle\u011finin mensuplar\u0131yla el ele vermeye devam edece\u011fiz&quot; dedi.<\/p>\n<p><strong>Kaynak:<\/strong> TRT Haber \u2014 <a href=\"https:\/\/www.trthaber.com\/haber\/gundem\/bakan-gurlek-savunma-hakki-hukuk-sistemimizin-en-guclu-ve-en-degerli-unsurlarindan-biridir-956019.html\" target=\"_blank\" rel=\"nofollow noopener\">Haberin devam\u0131n\u0131 \u00f6zg\u00fcn kayna\u011f\u0131nda oku<\/a><\/p>\n","protected":false},"excerpt":{"rendered":"<p>Adalet Bakan\u0131 Ak\u0131n G\u00fcrlek, &#8220;G\u00fc\u00e7l\u00fc T\u00fcrkiye&#8217;ye giden yolda, &#8216;Adaletin Y\u00fczy\u0131l\u0131&#8217;na a\u00e7\u0131lan kap\u0131da, sivil anayasan\u0131n in\u015fa edilmesi konusunda kararl\u0131l\u0131kla y\u00fcr\u00fcmeye devam edece\u011fiz. G\u00fc\u00e7l\u00fc hukuk d\u00fczeninin tesis edilmesinde, avukatl\u0131k mesle\u011finin mensuplar\u0131yla el ele vermeye\u2026<\/p>\n","protected":false},"author":1,"featured_media":3452,"comment_status":"closed","ping_status":"closed","sticky":false,"template":"","format":"standard","meta":{"footnotes":""},"categories":[4,17],"tags":[],"class_list":["post-3451","post","type-post","status-publish","format-standard","has-post-thumbnail","hentry","category-gundem","category-kamu-politikalari"],"blocksy_meta":{"styles_descriptor":{"styles":{"desktop":"","tablet":"","mobile":""},"google_fonts":[],"version":7}},"_links":{"self":[{"href":"https:\/\/gundemzirvesi.com\/index.php\/wp-json\/wp\/v2\/posts\/3451","targetHints":{"allow":["GET"]}}],"collection":[{"href":"https:\/\/gundemzirvesi.com\/index.php\/wp-json\/wp\/v2\/posts"}],"about":[{"href":"https:\/\/gundemzirvesi.com\/index.php\/wp-json\/wp\/v2\/types\/post"}],"author":[{"embeddable":true,"href":"https:\/\/gundemzirvesi.com\/index.php\/wp-json\/wp\/v2\/users\/1"}],"replies":[{"embeddable":true,"href":"https:\/\/gundemzirvesi.com\/index.php\/wp-json\/wp\/v2\/comments?post=3451"}],"version-history":[{"count":0,"href":"https:\/\/gundemzirvesi.com\/index.php\/wp-json\/wp\/v2\/posts\/3451\/revisions"}],"wp:featuredmedia":[{"embeddable":true,"href":"https:\/\/gundemzirvesi.com\/index.php\/wp-json\/wp\/v2\/media\/3452"}],"wp:attachment":[{"href":"https:\/\/gundemzirvesi.com\/index.php\/wp-json\/wp\/v2\/media?parent=3451"}],"wp:term":[{"taxonomy":"category","embeddable":true,"href":"https:\/\/gundemzirvesi.com\/index.php\/wp-json\/wp\/v2\/categories?post=3451"},{"taxonomy":"post_tag","embeddable":true,"href":"https:\/\/gundemzirvesi.com\/index.php\/wp-json\/wp\/v2\/tags?post=3451"}],"curies":[{"name":"wp","href":"https:\/\/api.w.org\/{rel}","templated":true}]}}