{"id":3468,"date":"2026-09-06T11:54:55","date_gmt":"2026-09-06T08:54:55","guid":{"rendered":"https:\/\/gundemzirvesi.com\/index.php\/balikesirdeki-yanginda-5-is-yeri-zarar-gordu\/"},"modified":"2026-09-06T11:54:55","modified_gmt":"2026-09-06T08:54:55","slug":"balikesirdeki-yanginda-5-is-yeri-zarar-gordu","status":"publish","type":"post","link":"https:\/\/gundemzirvesi.com\/index.php\/balikesirdeki-yanginda-5-is-yeri-zarar-gordu\/","title":{"rendered":"Bal\u0131kesir&#039;deki yang\u0131nda 5 i\u015f yeri zarar g\u00f6rd\u00fc"},"content":{"rendered":"<p>Bal\u0131kesir&#039;in Edremit il\u00e7esinde \u00e7\u0131kan yang\u0131nda 5 i\u015f yerinde hasar olu\u015ftu.<\/p>\n<p><strong>Kaynak:<\/strong> TRT Haber \u2014 <a href=\"https:\/\/www.trthaber.com\/haber\/turkiye\/balikesirdeki-yanginda-5-is-yeri-zarar-gordu-956018.html\" target=\"_blank\" rel=\"nofollow noopener\">Haberin devam\u0131n\u0131 \u00f6zg\u00fcn kayna\u011f\u0131nda oku<\/a><\/p>\n","protected":false},"excerpt":{"rendered":"<p>Bal\u0131kesir&#8217;in Edremit il\u00e7esinde \u00e7\u0131kan yang\u0131nda 5 i\u015f yerinde hasar olu\u015ftu.<\/p>\n","protected":false},"author":1,"featured_media":3470,"comment_status":"closed","ping_status":"closed","sticky":false,"template":"","format":"standard","meta":{"footnotes":""},"categories":[48,5],"tags":[],"class_list":["post-3468","post","type-post","status-publish","format-standard","has-post-thumbnail","hentry","category-cevre","category-turkiye"],"blocksy_meta":{"styles_descriptor":{"styles":{"desktop":"","tablet":"","mobile":""},"google_fonts":[],"version":7}},"_links":{"self":[{"href":"https:\/\/gundemzirvesi.com\/index.php\/wp-json\/wp\/v2\/posts\/3468","targetHints":{"allow":["GET"]}}],"collection":[{"href":"https:\/\/gundemzirvesi.com\/index.php\/wp-json\/wp\/v2\/posts"}],"about":[{"href":"https:\/\/gundemzirvesi.com\/index.php\/wp-json\/wp\/v2\/types\/post"}],"author":[{"embeddable":true,"href":"https:\/\/gundemzirvesi.com\/index.php\/wp-json\/wp\/v2\/users\/1"}],"replies":[{"embeddable":true,"href":"https:\/\/gundemzirvesi.com\/index.php\/wp-json\/wp\/v2\/comments?post=3468"}],"version-history":[{"count":0,"href":"https:\/\/gundemzirvesi.com\/index.php\/wp-json\/wp\/v2\/posts\/3468\/revisions"}],"wp:featuredmedia":[{"embeddable":true,"href":"https:\/\/gundemzirvesi.com\/index.php\/wp-json\/wp\/v2\/media\/3470"}],"wp:attachment":[{"href":"https:\/\/gundemzirvesi.com\/index.php\/wp-json\/wp\/v2\/media?parent=3468"}],"wp:term":[{"taxonomy":"category","embeddable":true,"href":"https:\/\/gundemzirvesi.com\/index.php\/wp-json\/wp\/v2\/categories?post=3468"},{"taxonomy":"post_tag","embeddable":true,"href":"https:\/\/gundemzirvesi.com\/index.php\/wp-json\/wp\/v2\/tags?post=3468"}],"curies":[{"name":"wp","href":"https:\/\/api.w.org\/{rel}","templated":true}]}}