{"id":3506,"date":"2026-09-06T21:00:41","date_gmt":"2026-09-06T18:00:41","guid":{"rendered":"https:\/\/gundemzirvesi.com\/index.php\/turkiye-bolgesel-sahiplenme-anlayisini-iklim-alanina-tasiyacak\/"},"modified":"2026-09-06T21:00:41","modified_gmt":"2026-09-06T18:00:41","slug":"turkiye-bolgesel-sahiplenme-anlayisini-iklim-alanina-tasiyacak","status":"publish","type":"post","link":"https:\/\/gundemzirvesi.com\/index.php\/turkiye-bolgesel-sahiplenme-anlayisini-iklim-alanina-tasiyacak\/","title":{"rendered":"T\u00fcrkiye &#039;b\u00f6lgesel sahiplenme&#039; anlay\u0131\u015f\u0131n\u0131 iklim alan\u0131na ta\u015f\u0131yacak"},"content":{"rendered":"<p>T\u00fcrkiye, Antalya\u2019da d\u00fczenlenecek Birle\u015fmi\u015f Milletler \u0130klim De\u011fi\u015fikli\u011fi \u00c7er\u00e7eve S\u00f6zle\u015fmesi\u2019nin 31. Taraflar Konferans\u0131\u2019nda, g\u00fcvenlik alan\u0131nda \u00f6ne \u00e7\u0131kard\u0131\u011f\u0131 &quot;b\u00f6lgesel sahiplenme&quot; anlay\u0131\u015f\u0131n\u0131 iklim de\u011fi\u015fikli\u011fiyle m\u00fccadeleye ta\u015f\u0131yarak Akdeniz \u00fclkeleriyle somut \u00e7\u00f6z\u00fcmler geli\u015ftirmeyi hedefliyor.<\/p>\n<p><strong>Kaynak:<\/strong> TRT Haber \u2014 <a href=\"https:\/\/www.trthaber.com\/haber\/gundem\/turkiye-bolgesel-sahiplenme-anlayisini-iklim-alanina-tasiyacak-956063.html\" target=\"_blank\" rel=\"nofollow noopener\">Haberin devam\u0131n\u0131 \u00f6zg\u00fcn kayna\u011f\u0131nda oku<\/a><\/p>\n","protected":false},"excerpt":{"rendered":"<p>T\u00fcrkiye, Antalya\u2019da d\u00fczenlenecek Birle\u015fmi\u015f Milletler \u0130klim De\u011fi\u015fikli\u011fi \u00c7er\u00e7eve S\u00f6zle\u015fmesi\u2019nin 31. Taraflar Konferans\u0131\u2019nda, g\u00fcvenlik alan\u0131nda \u00f6ne \u00e7\u0131kard\u0131\u011f\u0131 &#8220;b\u00f6lgesel sahiplenme&#8221; anlay\u0131\u015f\u0131n\u0131 iklim de\u011fi\u015fikli\u011fiyle m\u00fccadeleye ta\u015f\u0131yarak Akdeniz \u00fclkeleriyle somut \u00e7\u00f6z\u00fcmler geli\u015ftirmeyi hedefliyor.<\/p>\n","protected":false},"author":1,"featured_media":3507,"comment_status":"closed","ping_status":"closed","sticky":false,"template":"","format":"standard","meta":{"footnotes":""},"categories":[48,15,4,16,42],"tags":[],"class_list":["post-3506","post","type-post","status-publish","format-standard","has-post-thumbnail","hentry","category-cevre","category-diplomasi","category-gundem","category-guvenlik","category-halk-sagligi"],"blocksy_meta":{"styles_descriptor":{"styles":{"desktop":"","tablet":"","mobile":""},"google_fonts":[],"version":7}},"_links":{"self":[{"href":"https:\/\/gundemzirvesi.com\/index.php\/wp-json\/wp\/v2\/posts\/3506","targetHints":{"allow":["GET"]}}],"collection":[{"href":"https:\/\/gundemzirvesi.com\/index.php\/wp-json\/wp\/v2\/posts"}],"about":[{"href":"https:\/\/gundemzirvesi.com\/index.php\/wp-json\/wp\/v2\/types\/post"}],"author":[{"embeddable":true,"href":"https:\/\/gundemzirvesi.com\/index.php\/wp-json\/wp\/v2\/users\/1"}],"replies":[{"embeddable":true,"href":"https:\/\/gundemzirvesi.com\/index.php\/wp-json\/wp\/v2\/comments?post=3506"}],"version-history":[{"count":0,"href":"https:\/\/gundemzirvesi.com\/index.php\/wp-json\/wp\/v2\/posts\/3506\/revisions"}],"wp:featuredmedia":[{"embeddable":true,"href":"https:\/\/gundemzirvesi.com\/index.php\/wp-json\/wp\/v2\/media\/3507"}],"wp:attachment":[{"href":"https:\/\/gundemzirvesi.com\/index.php\/wp-json\/wp\/v2\/media?parent=3506"}],"wp:term":[{"taxonomy":"category","embeddable":true,"href":"https:\/\/gundemzirvesi.com\/index.php\/wp-json\/wp\/v2\/categories?post=3506"},{"taxonomy":"post_tag","embeddable":true,"href":"https:\/\/gundemzirvesi.com\/index.php\/wp-json\/wp\/v2\/tags?post=3506"}],"curies":[{"name":"wp","href":"https:\/\/api.w.org\/{rel}","templated":true}]}}