{"id":3510,"date":"2026-09-06T21:55:13","date_gmt":"2026-09-06T18:55:13","guid":{"rendered":"https:\/\/gundemzirvesi.com\/index.php\/aysenur-ezgi-eygi-vefatinin-2-yilinda-kabri-basinda-anildi\/"},"modified":"2026-09-06T21:55:13","modified_gmt":"2026-09-06T18:55:13","slug":"aysenur-ezgi-eygi-vefatinin-2-yilinda-kabri-basinda-anildi","status":"publish","type":"post","link":"https:\/\/gundemzirvesi.com\/index.php\/aysenur-ezgi-eygi-vefatinin-2-yilinda-kabri-basinda-anildi\/","title":{"rendered":"Ay\u015fenur Ezgi Eygi vefat\u0131n\u0131n 2. y\u0131l\u0131nda kabri ba\u015f\u0131nda an\u0131ld\u0131"},"content":{"rendered":"<p>\u0130\u015fgal alt\u0131ndaki Bat\u0131 \u015eeria&#039;da kat\u0131ld\u0131\u011f\u0131 bar\u0131\u015f\u00e7\u0131l g\u00f6steride \u0130srail askerlerinin ate\u015f a\u00e7mas\u0131 sonucu \u00f6ld\u00fcr\u00fclen Ay\u015fenur Ezgi Eygi, vefat\u0131n\u0131n ikinci y\u0131l\u0131nda Ayd\u0131n&#039;\u0131n Didim il\u00e7esinde an\u0131ld\u0131.<\/p>\n<p><strong>Kaynak:<\/strong> TRT Haber \u2014 <a href=\"https:\/\/www.trthaber.com\/haber\/turkiye\/aysenur-ezgi-eygi-vefatinin-2-yilinda-kabri-basinda-anildi-956058.html\" target=\"_blank\" rel=\"nofollow noopener\">Haberin devam\u0131n\u0131 \u00f6zg\u00fcn kayna\u011f\u0131nda oku<\/a><\/p>\n","protected":false},"excerpt":{"rendered":"<p>\u0130\u015fgal alt\u0131ndaki Bat\u0131 \u015eeria&#8217;da kat\u0131ld\u0131\u011f\u0131 bar\u0131\u015f\u00e7\u0131l g\u00f6steride \u0130srail askerlerinin ate\u015f a\u00e7mas\u0131 sonucu \u00f6ld\u00fcr\u00fclen Ay\u015fenur Ezgi Eygi, vefat\u0131n\u0131n ikinci y\u0131l\u0131nda Ayd\u0131n&#8217;\u0131n Didim il\u00e7esinde an\u0131ld\u0131.<\/p>\n","protected":false},"author":1,"featured_media":3511,"comment_status":"closed","ping_status":"closed","sticky":false,"template":"","format":"standard","meta":{"footnotes":""},"categories":[42,27,5],"tags":[],"class_list":["post-3510","post","type-post","status-publish","format-standard","has-post-thumbnail","hentry","category-halk-sagligi","category-piyasalar","category-turkiye"],"blocksy_meta":{"styles_descriptor":{"styles":{"desktop":"","tablet":"","mobile":""},"google_fonts":[],"version":7}},"_links":{"self":[{"href":"https:\/\/gundemzirvesi.com\/index.php\/wp-json\/wp\/v2\/posts\/3510","targetHints":{"allow":["GET"]}}],"collection":[{"href":"https:\/\/gundemzirvesi.com\/index.php\/wp-json\/wp\/v2\/posts"}],"about":[{"href":"https:\/\/gundemzirvesi.com\/index.php\/wp-json\/wp\/v2\/types\/post"}],"author":[{"embeddable":true,"href":"https:\/\/gundemzirvesi.com\/index.php\/wp-json\/wp\/v2\/users\/1"}],"replies":[{"embeddable":true,"href":"https:\/\/gundemzirvesi.com\/index.php\/wp-json\/wp\/v2\/comments?post=3510"}],"version-history":[{"count":0,"href":"https:\/\/gundemzirvesi.com\/index.php\/wp-json\/wp\/v2\/posts\/3510\/revisions"}],"wp:featuredmedia":[{"embeddable":true,"href":"https:\/\/gundemzirvesi.com\/index.php\/wp-json\/wp\/v2\/media\/3511"}],"wp:attachment":[{"href":"https:\/\/gundemzirvesi.com\/index.php\/wp-json\/wp\/v2\/media?parent=3510"}],"wp:term":[{"taxonomy":"category","embeddable":true,"href":"https:\/\/gundemzirvesi.com\/index.php\/wp-json\/wp\/v2\/categories?post=3510"},{"taxonomy":"post_tag","embeddable":true,"href":"https:\/\/gundemzirvesi.com\/index.php\/wp-json\/wp\/v2\/tags?post=3510"}],"curies":[{"name":"wp","href":"https:\/\/api.w.org\/{rel}","templated":true}]}}