{"id":3532,"date":"2026-09-06T23:55:16","date_gmt":"2026-09-06T20:55:16","guid":{"rendered":"https:\/\/gundemzirvesi.com\/index.php\/endonezyada-yanardag-patlamasinin-ardindan-cakartada-ucuslar-iptal-edildi\/"},"modified":"2026-09-06T23:55:16","modified_gmt":"2026-09-06T20:55:16","slug":"endonezyada-yanardag-patlamasinin-ardindan-cakartada-ucuslar-iptal-edildi","status":"publish","type":"post","link":"https:\/\/gundemzirvesi.com\/index.php\/endonezyada-yanardag-patlamasinin-ardindan-cakartada-ucuslar-iptal-edildi\/","title":{"rendered":"Endonezya&#039;da yanarda\u011f patlamas\u0131n\u0131n ard\u0131ndan Cakarta&#039;da u\u00e7u\u015flar iptal edildi"},"content":{"rendered":"<p>Endonezya&#039;n\u0131n Anak Krakatau Yanarda\u011f\u0131&#039;nda meydana gelen patlaman\u0131n ard\u0131ndan volkanik k\u00fcllerin \u00fclkenin bat\u0131 kesimlerine yay\u0131lmas\u0131 \u00fczerine ba\u015fkent Cakarta&#039;daki Soekarno-Hatta Uluslararas\u0131 Havaliman\u0131&#039;nda u\u00e7u\u015flar iptal edildi.<\/p>\n<p><strong>Kaynak:<\/strong> TRT Haber \u2014 <a href=\"https:\/\/www.trthaber.com\/haber\/dunya\/endonezyada-yanardag-patlamasinin-ardindan-cakartada-ucuslar-iptal-edildi-956047.html\" target=\"_blank\" rel=\"nofollow noopener\">Haberin devam\u0131n\u0131 \u00f6zg\u00fcn kayna\u011f\u0131nda oku<\/a><\/p>\n","protected":false},"excerpt":{"rendered":"<p>Endonezya&#8217;n\u0131n Anak Krakatau Yanarda\u011f\u0131&#8217;nda meydana gelen patlaman\u0131n ard\u0131ndan volkanik k\u00fcllerin \u00fclkenin bat\u0131 kesimlerine yay\u0131lmas\u0131 \u00fczerine ba\u015fkent Cakarta&#8217;daki Soekarno-Hatta Uluslararas\u0131 Havaliman\u0131&#8217;nda u\u00e7u\u015flar iptal edildi.<\/p>\n","protected":false},"author":1,"featured_media":3533,"comment_status":"closed","ping_status":"closed","sticky":false,"template":"","format":"standard","meta":{"footnotes":""},"categories":[6],"tags":[],"class_list":["post-3532","post","type-post","status-publish","format-standard","has-post-thumbnail","hentry","category-dunya"],"blocksy_meta":{"styles_descriptor":{"styles":{"desktop":"","tablet":"","mobile":""},"google_fonts":[],"version":7}},"_links":{"self":[{"href":"https:\/\/gundemzirvesi.com\/index.php\/wp-json\/wp\/v2\/posts\/3532","targetHints":{"allow":["GET"]}}],"collection":[{"href":"https:\/\/gundemzirvesi.com\/index.php\/wp-json\/wp\/v2\/posts"}],"about":[{"href":"https:\/\/gundemzirvesi.com\/index.php\/wp-json\/wp\/v2\/types\/post"}],"author":[{"embeddable":true,"href":"https:\/\/gundemzirvesi.com\/index.php\/wp-json\/wp\/v2\/users\/1"}],"replies":[{"embeddable":true,"href":"https:\/\/gundemzirvesi.com\/index.php\/wp-json\/wp\/v2\/comments?post=3532"}],"version-history":[{"count":0,"href":"https:\/\/gundemzirvesi.com\/index.php\/wp-json\/wp\/v2\/posts\/3532\/revisions"}],"wp:featuredmedia":[{"embeddable":true,"href":"https:\/\/gundemzirvesi.com\/index.php\/wp-json\/wp\/v2\/media\/3533"}],"wp:attachment":[{"href":"https:\/\/gundemzirvesi.com\/index.php\/wp-json\/wp\/v2\/media?parent=3532"}],"wp:term":[{"taxonomy":"category","embeddable":true,"href":"https:\/\/gundemzirvesi.com\/index.php\/wp-json\/wp\/v2\/categories?post=3532"},{"taxonomy":"post_tag","embeddable":true,"href":"https:\/\/gundemzirvesi.com\/index.php\/wp-json\/wp\/v2\/tags?post=3532"}],"curies":[{"name":"wp","href":"https:\/\/api.w.org\/{rel}","templated":true}]}}